{"id":123110,"date":"2026-03-07T11:42:18","date_gmt":"2026-03-07T11:42:18","guid":{"rendered":"https:\/\/www.europesays.com\/ee\/123110\/"},"modified":"2026-03-07T11:42:18","modified_gmt":"2026-03-07T11:42:18","slug":"toimetus-ennustab-kes-nelja-seast-tostab-246-paeva-parast-tiitli-ja-kelle-paat-vajub-pohja-soccernet-ee","status":"publish","type":"post","link":"https:\/\/www.europesays.com\/ee\/123110\/","title":{"rendered":"Toimetus ennustab: kes nelja seast t\u00f5stab 246 p\u00e4eva p\u00e4rast tiitli ja kelle paat vajub p\u00f5hja? &#8211; Soccernet.ee"},"content":{"rendered":"<p><a href=\"https:\/\/soccernet.ee\/fotod\/pl-parnu-jk-vaprus-tallinna-fc-flora7\" rel=\"nofollow noopener\" target=\"_blank\"><img decoding=\"async\" src=\"https:\/\/www.europesays.com\/ee\/wp-content\/uploads\/2026\/03\/1762613335.jpg\" alt=\"Kes t\u00f5stab Premium liiga karika 2026. aastal taeva poole? Foto: Katariina Peetson\"\/><\/a>&#13;\n<\/p>\n<p>Uus hooaeg koputab viimaks uksele! 246 p\u00e4eva p\u00e4rast t\u00f5stab keegi taeva poole Premium liiga karika ning k\u00fcmme v\u00f5istkonda ritta pannud Soccernet.ee toimetuse hinnangul on meistrikandidaate sel korral neli.\u00a0Head lugejad, andke kommentaariumis teada ka omad pakkumised!<\/p>\n<p>Kaheksa toimetuse liiget (Heiti Heli, Kris Ilves, Laura Jaansen, Kristjan Jaak Kangur, Raul Ojassaar, Siim Pulst, Kristjan Remmelkoor, Gunnar Salu) panid k\u00f5ik kirja oma l\u00f5pliku tabeliseisu ennustuse ning selle abil selgus ka Soccernet.ee pingerida.&#13;\n<\/p>\n<p>Iga tabeli p\u00f5hjal said meeskonnad ka punkte: 1. koha eest k\u00fcmme punkti, 2. koha eest \u00fcheksa punkti ning nii kuni 10. koha ja \u00fche punktini v\u00e4lja. Lisaks tabelikohale panid k\u00f5ik kirja ka l\u00fchikese p\u00f5hjenduse, miks klubi just sellisel kohal l\u00f5petab. Olgu siinkohal m\u00e4rgitud, et esineliku ennustamine valmistas paljudele peavalu ja esikohapunkte said k\u00f5ik suure neliku v\u00f5istkonnad.&#13;\n<\/p>\n<p>1. TALLINNA FC FLORA (3 esikohta, 70 punkti)&#13;\n<\/p>\n<p>Raul Ojassaar (1.):\u00a0Olulisi lahkujaid on palju, aga Flora on varemgi n\u00e4idanud, et sellest hoolimata suudetakse meeskonna \u00fcldist taset hoida. Treeneritel on aasta kogemust all, meeskonnal on kasutada liiga parim kesktormaja ja ka s\u00fcgavust paistab tiimis olevat piisavalt palju. Flora ei ole praegu kindlasti nii tugev kui nad olid mullu s\u00fcgisel, kuid teised esinelikutiimid pole minu meelest pannud piisavalt juurde, et neid peaks tiitlikaitsjatest ettepoole ennustama.&#13;\n<\/p>\n<p>Kris Ilves (1.):\u00a0Paberil on meeskond justkui n\u00f5rgemaks j\u00e4\u00e4nud. Mullu ei ennustatud Florat meistriks, aga noored vedasid ootamatult h\u00e4sti v\u00e4lja. N\u00fc\u00fcd on need noored m\u00e4ngijad aasta v\u00f5rra paremad ja kogenumad, samamoodi ka noor treener Konstantin Vassiljev. Lisaks on meeskonnas uusi m\u00e4ngijaid, kes on kindlasti n\u00e4ljased.&#13;\n<\/p>\n<p>Siim Pulst (3.): Vabalt v\u00f5ib ka tiitlit kaitsta, kuid selleks tuleb teha sarnane kangelast\u00fckk eelmise aastaga, sest hooaja hakul on koosseis j\u00e4lle \u00f5huke ja k\u00fcsim\u00e4rkidega. T\u00f5ugjas, Poom, Hussar ja Mihhailov valiti k\u00f5ik eelmisel hooajal Premium liiga s\u00fcmboolsesse koosseisu, see on ikka tohutu kvaliteedi kadu.&#13;\n<\/p>\n<p>Kristjan Remmelkoor (4.):\u00a0Kui vaadata talviseid liitujaid ja lahkujaid, siis Flora koosseis tundub olevat selgelt n\u00f5rgemaks j\u00e4\u00e4nud. Ja kaitseliin on liiga noor. Seep\u00e4rast pakun neile eeldatavalt tasav\u00e4gise esineliku k\u00f5ige alumist kohta.&#13;\n<\/p>\n<p><a href=\"https:\/\/soccernet.ee\/fotod\/sk-tallinna-fc-flora-nomme-kalju-fc\" rel=\"nofollow noopener\" target=\"_blank\"><img decoding=\"async\" src=\"https:\/\/www.europesays.com\/ee\/wp-content\/uploads\/2026\/03\/1772299282.jpg\" alt=\"Kas superkarikafinaali kaotanud Floral \u00f5nnestub liigatiitlit kaitsta? Foto: Jana Pipar\"\/><\/a>&#13;\n<\/p>\n<p>2. TALLINNA FCI LEVADIA (2 esikohta, 69 punkti)&#13;\n<\/p>\n<p>Kristjan Jaak Kangur (1.): K\u00f5ik kipuvad neid maha kandma, aga \u00e4kki on vahelduseks hea, kui pingeid on natuke v\u00e4hem peal? R\u00fcndej\u00f5udu jagub metsikult, v\u00f5tmek\u00fcsimus, kuidas kaitse pidama saadakse.&#13;\n<\/p>\n<p>Laura Jaansen (1.):\u00a0Vaatamata h\u00f5renenud koosseisule on Levadial ikka v\u00e4ga korralik m\u00e4ngijavalik. Oleme n\u00e4inud aastast aastasse, kuidas neil on kvaliteet olemas, kuid kriitilistel hetkedel on puudust tulnud fookusest ja distsipliinist. N\u00fc\u00fcd, kui Zahovaiko on pukis, peaks see mure olema lahenenud ja kogu see potentsiaal v\u00f5iks tiitliks realiseeruda.&#13;\n<\/p>\n<p>Gunnar Salu (2.):\u00a0Levadial on paberil taas k\u00f5va koosseis, v\u00f5tmem\u00e4ngija Mihkel Ainsalu j\u00e4i ka tulevaks hooajaks appi ja peatreener Vjat\u0161eslav Zahovaiko toob ka t\u00f5en\u00e4oliselt uut hingamist. K\u00fcll aga n\u00e4itas eelmine hooaeg, et ka \u00fclik\u00f5va koosseisuga on end v\u00f5imalik teiseks m\u00e4ngida.&#13;\n<\/p>\n<p>Heiti Heli (4.): Kasutan seda v\u00f5imalust, et Levadiat hoopis motiveerida. Usun, et ka sedav\u00f5rd suurte muutuste tuules on 11-kordsel t\u0161empionil v\u00f5imalik oma auhinnakappi suurendada, aga k\u00f5ik s\u00f5ltub sellest, kui kiiresti j\u00f5uavad Zahovaiko m\u00f5tted meeskonnani ning kuidas raskete olukordade puhul pinnal p\u00fcsitakse. Pealik on nutikas ja m\u00e4ngijad on kvaliteetsed, lihtsalt senin\u00e4htu p\u00f5hjal on see k\u00f5ik nagu \u00fcllatusmuna \u2014 ei tea, mis sealt v\u00e4lja tuleb.&#13;\n<\/p>\n<p><a href=\"https:\/\/soccernet.ee\/fotod\/tt-fc-flora-fci-levadia\" rel=\"nofollow noopener\" target=\"_blank\"><img decoding=\"async\" src=\"https:\/\/www.europesays.com\/ee\/wp-content\/uploads\/2026\/03\/1771089197.jpg\" alt=\"Talvega muutunud Levadia asub klubi ajaloo 12. meistrikarikat jahtima. Foto: Anna Andreas\"\/><\/a>&#13;\n<\/p>\n<p>3. PAIDE LINNAMEESKOND (1 esikoht, 68 punkti)&#13;\n<\/p>\n<p>Kristjan Remmelkoor (1.):\u00a02016. aastal ennustasin Flora v\u00f5i Levadia asemel esimest meistritiitlit Tallinna FC Infonetile ja l\u00e4ks t\u00e4ppi, seep\u00e4rast julgen ennustada n\u00fc\u00fcd 2026. aastal esimest meistritiitlit Paide Linnameeskonnale. Nii Flora kui ka Levadia koosseis on talvel n\u00f5rgemaks j\u00e4\u00e4nud, Linnameeskonna oma mitte. Kui Paide uus brasiillane Daniel Cabral on v\u00f5itnud maailmameistritiitli, asi tal siis Eesti meistritiitel v\u00f5ita.&#13;\n<\/p>\n<p>Kris Ilves (2.):\u00a0Ilmselt k\u00f5ige paremini komplekteeritud ja m\u00e4ngijate kvaliteedi osas k\u00f5ige tugevama koosseisuga meeskond. Kindlasti on seet\u00f5ttu ka tiitlisurve varasemast suurem. Kui m\u00e4ngijad p\u00fcsivad terved ja Vladimir Vassiljev saab sama koosseisuga kogu hooaja t\u00f6\u00f6tada, siis on Paide suurim tiitlin\u00f5udleja. Paide peab tabeli alumise poole meeskondadelt rohkem punkte k\u00e4tte saama. Stabiilsus on m\u00e4rks\u00f5na.&#13;\n<\/p>\n<p>Laura Jaansen (2.):\u00a0Paide aina r\u00fcgab ja r\u00fcgab, aga ikka ei tule seda k\u00f5ige k\u00f5igemat \u00e4ra. Miks? Mingit tugevat viga neil k\u00fcljes pole, lihtsalt kaitseliin kipub olevat veidike ebastabiilne. See maksab kuskil punkti ja teises kohas kolmeka ja nii j\u00e4\u00e4b j\u00e4lle natuke puudu.&#13;\n<\/p>\n<p>Gunnar Salu (4.):\u00a0Arvan, et Paide teeb j\u00e4lle Paidet ega suuda medalile m\u00e4ngida. J\u00e4llegi, nagu ka Levadiaga, siis paberil on koosseis hirmk\u00f5va, aga alati on suudetud \u00e4ra k\u00e4kkida. N\u00e4iteks Brasiilia U17 koondisega maailmameistriks tulnud Cabral peaks v\u00e4ga palju juurde andma, aga enne esimest m\u00e4ngu on v\u00e4ga raske \u00f6elda, mis ta tase on.&#13;\n<\/p>\n<p><a href=\"https:\/\/soccernet.ee\/fotod\/paide-linnameeskond-nomme-kalju-fc\" rel=\"nofollow noopener\" target=\"_blank\"><img decoding=\"async\" src=\"https:\/\/www.europesays.com\/ee\/wp-content\/uploads\/2026\/03\/1771084647.jpg\" alt=\"Kas n\u00fc\u00fcd v\u00f5i mitte kunagi!? Ka Paide tahab tiitliheitluses s\u00f5na sekka \u00f6elda. Foto: Liisi Troska \/ jalgpall.ee\"\/><\/a>&#13;\n<\/p>\n<p>4. N\u00d5MME KALJU FC (2 esikohta, 65 punkti)&#13;\n<\/p>\n<p>Heiti Heli (1.): Kalju on Nikita Andrejevi k\u00e4e all justkui finaalide v\u00f5istkond. V\u00f5tku siis t\u00e4navu k\u00f5iki 36 liigam\u00e4ngu kui finaali \u2014 \u00e4kki toob oodatud tulu? Minu hinnangul on Kalju koosseis suure neliku satsidest k\u00f5ige rohkem tasakaalus, lisaks n\u00e4idati mullu, et staarr\u00fcndajat pole vaja seni, kuniks on olemas meeskond ehk v\u00e4ravaid v\u00f5ib tulla k\u00f5igilt. Ja muidugi ei saa ka unustada, et sel aastal on N\u00f5mme linna(osa) 100. juubeliaasta \u2014 Kalju meistritiitel oleks ju v\u00e4ga uhke kingitus.&#13;\n<\/p>\n<p>Siim Pulst (1.):\u00a0Vabalt v\u00f5ib ka neljandaks j\u00e4\u00e4da, aga miski selles meeskonnas sisendab kindlustunnet. Koosseis on igas m\u00f5ttes tasakaalus, igal positsioonil jagub nii kvaliteeti, kogemust kui ka n\u00e4lga. Andrejev leiab vajadusel pragmaatilised lahendused ja meeskond jookseb harva lati alt l\u00e4bi.&#13;\n<\/p>\n<p>Kristjan Jaak Kangur (4.):\u00a0Kehtib sama, mis kogu \u00fclej\u00e4\u00e4nud esineliku kohta, et suur \u00fcllatus poleks ei tiitel ega ka neljandaks j\u00e4\u00e4mine. Aga miskip\u00e4rast on tunne, et mullu pigistati siit maksimum ja t\u00e4navu antakse natuke j\u00e4rele. Pluss ega ju Superkarika v\u00f5itjal ei saa liigas h\u00e4sti minna!&#13;\n<\/p>\n<p>Raul Ojassaar (4.):\u00a0Kellegi pidi ju esinelikutiimidest neljandaks j\u00e4tma. Kalju koosseis on teiste tippudega v\u00f5rreldes pisut \u00f5hem ning just r\u00fcndetsoonis pole p\u00e4rast Promise Davidi ja Guilherme edulugusid v\u00e4lismaalastega seni t\u00e4kkesse pandud. Superkarikafinaalis n\u00e4idati taset, aga kas noor meeskond suudab kogu hooaja stabiilne p\u00fcsida? Andrejevisse on mul k\u00fcll usku, aga ennustan Kaljut siiski neljandaks.&#13;\n<\/p>\n<p><a href=\"https:\/\/soccernet.ee\/fotod\/sk-tallinna-fc-flora-nomme-kalju-fc\" rel=\"nofollow noopener\" target=\"_blank\"><img decoding=\"async\" src=\"https:\/\/www.europesays.com\/ee\/wp-content\/uploads\/2026\/03\/1772299309.jpg\" alt=\"Nikita Andrejevi auhinnakapist on n\u00fc\u00fcd puudu vaid Premium liiga trofee. Foto: Jana Pipar\"\/><\/a>&#13;\n<\/p>\n<p>5. JK NARVA TRANS (46 punkti)&#13;\n<\/p>\n<p>Heiti Heli (5.): Eesti k\u00f5rgliigas kaheksandat hooaega alustava Roman Ko\u017euhhovski v\u00f5istkond on v\u00f5rreldes mullusega k\u00fcllaltki sarnane. \u00dcksikud t\u00e4iendused on olnud loogilised: Daniil Pareiko toodi Aleksei Matrossovi asemele ning Murad Velijev Sten Jakob Viidase kohale. Aga kas see k\u00f5ik on piisav, et murda esinelikusse? Arvan, et mitte. Siiski kipun uskuma, et Trans v\u00f5idab sel aastal Evald Tipneri karika.&#13;\n<\/p>\n<p>Kris Ilves (5.):\u00a0Narva on Narva. Heal p\u00e4eval v\u00e4ga ohtlik, aga halval p\u00e4eval v\u00e4ga haavatav. Ebastabiilne. Kas noored v\u00e4ravavahid veavad v\u00e4lja? Ma arvan, et suures plaanis veavad, aga kooliraha tuleb maksta. Esinelik j\u00e4\u00e4b ilmselt kaugele, aga lihtsurelikest ollakse parimad.&#13;\n<\/p>\n<p>Kristjan Remmelkoor (5.):\u00a0Mullu j\u00e4i Transil nii suur punktivahe nii esineliku kui ka alumise nelikuga, et ma ei n\u00e4e, kuidas \u00fcks v\u00f5i teine vahe peaks t\u00e4ielikult kaduma. Eks narvalased hakkavad ka t\u00e4navu p\u00e4rnakatega viienda-kuuenda koha eest v\u00f5itlema, meeskonna tuumik j\u00e4i ju samaks. Transi traditsioonide p\u00e4rast (osaletud on k\u00f5ikidel k\u00f5rgliigahooaegadel Eesti taasiseseisvumisest saadik) pakun neid Vaprusest k\u00f5rgemale.&#13;\n<\/p>\n<p>Gunnar Salu (6.):\u00a0Lihtsalt kuidagi ei n\u00e4e, et Trans sel hooajal hea hoo sisse saab. Ma usun, et Pareiko hakkab v\u00e4hemalt alguses v\u00e4ravasuul veidi kooliraha maksma. K\u00fcll aga on k\u00f5va t\u00e4iendus Velijev, aga raske on \u00f6elda, kas ta oma m\u00e4ngu k\u00e4ima saab ja resultatiivne on.&#13;\n<\/p>\n<p><a href=\"https:\/\/soccernet.ee\/fotod\/pl-harju-jk-laagri-jk-narva-trans3\" rel=\"nofollow noopener\" target=\"_blank\"><img decoding=\"async\" src=\"https:\/\/www.europesays.com\/ee\/wp-content\/uploads\/2026\/03\/1761400864.jpg\" alt=\"Kas Narva Transil \u00f5nnestub esinelikule l\u00e4hemale j\u00f5uda? Foto: Katariina Peetson\"\/><\/a>&#13;\n<\/p>\n<p>6. P\u00c4RNU JK VAPRUS (39 punkti)&#13;\n<\/p>\n<p>Kristjan Jaak Kangur (5.): Kontrollm\u00e4ngudes paugutati nii palju v\u00e4ravaid, et natuke juba hirm hakkas, kas \u00e4kki ei olda liiga vara liiga heas hoos. Aga meeskond on sisuliselt tervenisti alles ja v\u00e4hemalt teoorias v\u00f5iks (terve) Mark Anders Lepik Marten-Chris Paalbergi koha \u00e4ra t\u00e4ita k\u00fcll.&#13;\n<\/p>\n<p>Siim Pulst (6.): Igor Prinsi meeskonnad teevad alati oma tulemuse \u00e4ra, aga raske on samast kivist veel rohkem vett v\u00e4lja pigistada. Kaitse paistab hooaja hakul v\u00e4ga h\u00f5re.&#13;\n<\/p>\n<p>Raul Ojassaar (7.):\u00a0Koosseisu osas ehk natuke liiga seisev vesi? Vaprus ei tee ilmselt olulist sammu tagasi, aga pigem arvan, et n\u00e4iteks Harju teeb sammu edasi ja astub Vaprusest m\u00f6\u00f6da. P\u00fcsimaj\u00e4\u00e4misheitlusesse vajumist pole p\u00e4rnakatel karta, ent kardan, et Vaprus pigem pisut langeb kui t\u00f5useb tabelis.&#13;\n<\/p>\n<p>Laura Jaansen (8.):\u00a0Tundub, et Vaprus on aastaid natuke nagu viimasel piiril toimetanud ja \u00fchel hetkel l\u00e4heb see mull lihtsalt katki. Isegi kui nii traagiliseks ei kisu, siis on ikkagi murekoht, kes k\u00f5ik Paalbergi v\u00e4ravad \u00e4ra l\u00f6\u00f6b. Kui Lepik suudab viimaks terve p\u00fcsida ja teised aitavad tempot hoida, siis tegelikult isegi ei imestaks ka, kui aastaid \u00fcsna haruldast \u00fchtsust hoidnud Vaprus l\u00f5petab sootuks kolmandana.&#13;\n<\/p>\n<p><img decoding=\"async\" src=\"https:\/\/www.europesays.com\/ee\/wp-content\/uploads\/2026\/03\/1768682112.jpg\" alt=\"Marten-Chris Paalbergi maha m\u00fc\u00fcnud P\u00e4rnu Vaprus t\u00f5i laenulepingu alusel r\u00fcnnakule Mark Anders Lepiku. Foto: Svetlana Valijeva\"\/>&#13;\n<\/p>\n<p>7. HARJU JK LAAGRI (31 punkti)&#13;\n<\/p>\n<p>Raul Ojassaar (6.):\u00a0Talvega on meeskond l\u00e4inud s\u00fcgavamaks ja kuna suur osa satsist on p\u00e4ris noor, siis v\u00f5ib arvata, et juba selle pealt ka m\u00e4rksa paremaks. Ramol Sillamaa ja Karel Eerme duo on eelduslikult tabeli teises pooles m\u00e4ngiva satsi kohta t\u00f5siselt v\u00e4gev ning resultatiivseid r\u00fcndajaid on Harjul veel, mist\u00f5ttu usun, et nad on valmis mullusega v\u00f5rreldes \u00fche sammu veel edasi tegema.&#13;\n<\/p>\n<p>Kristjan Jaak Kangur (7.): Harju on teinud pealtn\u00e4ha loogilised sammud, et meeskond oleks natuke tugevam ja natuke s\u00fcgavam. V\u00e4ravavahi osas on kerged k\u00fcsim\u00e4rgid, plussiks j\u00e4llegi m\u00e4ngude otsustaja olemasolu Sillamaa n\u00e4ol.&#13;\n<\/p>\n<p>Kris Ilves (8.):\u00a0Sama k\u00fcsimus nagu Transil: kas noored v\u00e4ravavahid veavad v\u00e4lja? Vastus on sama: jah, aga kooliraha tuleb maksta. Meeskonda on natuke v\u00e4rskendatud, aga tuumik on s\u00e4ilinud. Ennustan sarnast hooaega nagu mullu ehk suhteliselt kindlalt j\u00e4\u00e4dakse p\u00fcsima.&#13;\n<\/p>\n<p>Kristjan Remmelkoor (9.):\u00a0Harju kahjuks r\u00e4\u00e4gib meeskonna liigne noorus, sinna oleks m\u00f5nda kogenud m\u00e4ngijat juurde vaja. Mullu tegi Harju tiimi ajaloo parima hooaja, aga see v\u00f5ib panna m\u00e4ngijad endast liiga h\u00e4sti arvama. Pakun, et mullune aasta oli pigem \u00fcksik s\u00e4hvatus.&#13;\n<\/p>\n<p><img decoding=\"async\" src=\"https:\/\/www.europesays.com\/ee\/wp-content\/uploads\/2026\/03\/1756677924.jpg\" alt=\"Mullu Harju eest enim v\u00e4ravaid l\u00f6\u00f6nud Karel Eerme on klubi suurim m\u00fc\u00fcgiartikkel. Foto: Liisi Troska \/ jalgpall.ee\"\/>&#13;\n<\/p>\n<p>8. TARTU JK TAMMEKA (24 punkti)&#13;\n<\/p>\n<p>Kris Ilves (7.):\u00a0Uued inimesed kontoris, uus peatreener, m\u00f5ned uued m\u00e4ngijad, uus hingamine. Minu jaoks oli mullune eba\u00f5nnestunud hooaeg pigem \u00fcllatus. Aga tundub, et sellest on tehtud j\u00e4reldused ja m\u00f5eldakse tuleviku peale. K\u00f5hutunne \u00fctleb, et tuleb korralik hooaeg.&#13;\n<\/p>\n<p>Heiti Heli (8.): Tartus on tunda optimismi. Ja seda p\u00f5hjusel, et taustal teevad t\u00f6\u00f6d v\u00e4ga ambitsioonikad persoonid. Sellele k\u00f5igele vaatamata kipun arvama, et kui Tristan Koskor (v\u00f5i keegi muu) ei asu v\u00e4ravav\u00f5rke puruks l\u00f6\u00f6ma, siis Tammekal ei \u00f5nnestu mullust tulemust \u00fcle trumbata.&#13;\n<\/p>\n<p>Siim Pulst (8.): Klubil on selged sihid ja k\u00f5ik talvised k\u00e4igud paistavad seda kinnitavat. \u00dcmbritsev positiivsus aitab kogu projekti edasi kanda.&#13;\n<\/p>\n<p>Laura Jaansen (9.):\u00a0Kuidagi tundub see v\u00e4rk rabe. Kehasid seal nagu on, aga kas ka karaktereid? Kes kannab, kui raskeks l\u00e4heb? On n\u00e4ha, et Tammeka t\u00f6\u00f6tab tublisti terve klubi arendamise kallal, aga tundub, et tulemusteni Premium liigas l\u00e4heb veel aega, sest p\u00e4ris \u00f5iget klappi pole.&#13;\n<\/p>\n<p><a href=\"https:\/\/soccernet.ee\/fotod\/tt-fc-nomme-united-tartu-jk-tammeka\" rel=\"nofollow noopener\" target=\"_blank\"><img decoding=\"async\" src=\"https:\/\/www.europesays.com\/ee\/wp-content\/uploads\/2026\/02\/1769940131.jpg\" alt=\"Kas Karel Voolaid aitab Tartu Tammeka k\u00f5rgemale? Foto: Janek Eslon\"\/><\/a>&#13;\n<\/p>\n<p>9. FC N\u00d5MME UNITED (15 punkti)&#13;\n<\/p>\n<p>Laura Jaansen (7.):\u00a0Mul on mingi hea tunne seoses Dacosta Owusuga, kes on N\u00f5mme Unitedi r\u00fcnnakut v\u00e4ga kirkana hoidnud. Usun, et nad suudavad m\u00f5nusalt lahtist jalgpalli pakkuda, mis v\u00f5ib nii m\u00f5nelegi konkurendile parajat \u00fcllatusmomenti pakkuda. Sekka ka Zakaria Beglari\u0161vili ja Henri J\u00e4rvelaid \u2014 Unitedil on tegelikult p\u00e4ris lubav sats.&#13;\n<\/p>\n<p>Kristjan Remmelkoor (8.):\u00a0Meeskonnal, kus m\u00e4ngivad Beglari\u0161vili ja Andre Frolov, pole v\u00f5imalik Premium liigast v\u00e4lja langeda. Usun, et United on oma eelmisest k\u00f5rgliigahooajast \u00f5ppinud ja arvestas juba mulluse v\u00f5istkonna komplekteerimisel sellega, et k\u00f5rgliigas tuleb teisel katsel edukam olla. Sel talvel pole tiimist lahkunud peaaegu \u00fchtegi m\u00e4ngijat ja kokkum\u00e4ng peaks olema hea.&#13;\n<\/p>\n<p>Kristjan Jaak Kangur (9.): Teine katse peaks v\u00e4hemalt teoorias tulema esimesest l\u00e4bim\u00f5eldum ja kaalutletum. Meeskond ja treener on aasta aega saanud t\u00f6\u00f6d teha, tugevad liidrid on olemas, v\u00f5imalikuks miinuseks \u00fcsna kogenematu kaitseliin. Kui ei proovita \u00fcle oma varju h\u00fcpata ja esimeste raskuste peale rapsima ei hakata, annab seekord p\u00fcsima j\u00e4\u00e4da k\u00fcll.&#13;\n<\/p>\n<p>Raul Ojassaar (10.):\u00a0Keskv\u00e4li on k\u00fcll tasemel, aga kas ka \u00fclej\u00e4\u00e4nud puslet\u00fckid selle \u00fcmber? Natuke liiga v\u00e4rskelt on veel meeles 2024, kui Unitedi esimene k\u00e4ik Premium liigasse p\u00f5hjalikult l\u00e4bi kukkus. Stabiilsust on n\u00fc\u00fcd kindlasti rohkem kui kaks aastat tagasi, aga kas kokkuv\u00f5ttes ka kvaliteeti? P\u00fcsimaj\u00e4\u00e4miseks on vaja tervet Egert \u00d5unapuud umbes 30 m\u00e4nguks, samuti seda, et hooaja l\u00f5ppedes vastavalt 38-aastane ja 36-aastane Frolov ja Beglari\u0161vili tasemes tagasi ei annaks ja m\u00e4nguvormis p\u00fcsiksid. Suured k\u00fcsim\u00e4rgid on kaitseliini ja v\u00e4ravavahi osas.&#13;\n<\/p>\n<p><a href=\"https:\/\/soccernet.ee\/fotod\/kv-harju-jk-laagri-vs-fc-nomme-united\" rel=\"nofollow noopener\" target=\"_blank\"><img decoding=\"async\" src=\"https:\/\/www.europesays.com\/ee\/wp-content\/uploads\/2026\/01\/1761850954.jpg\" alt=\"Andre Frolov v\u00f5ib ju olla 38, aga N\u00f5mme Unitedi jaoks on ta \u00fcks v\u00f5tmem\u00e4ngijatest. Foto: Brit Maria Tael\"\/><\/a>&#13;\n<\/p>\n<p>10. FC KURESSAARE (13 punkti)&#13;\n<\/p>\n<p>Raul Ojassaar (8.):\u00a0Selgelt k\u00f5ige \u00f5hem koosseis ja k\u00f5ige rohkem k\u00fcsimusi, aga mul on miskip\u00e4rast mingi pime usk v\u00f5i sisetunne, et Kuressaare suudab nina vee peal hoida. Faktid ega reaalne pilt seda k\u00fcll praegu ei toeta, aga siiski. Olgem ausad &#8211; Sander Postil on piltlikult \u00f6eldes kasutada \u00fcks algkoosseis ja v\u00e4ike kogus \u00fclej\u00e4\u00e4nud m\u00e4ngijaid, kes ei pruugi olla Premium liiga tasemel. 36 vooru selliselt edukalt vastu pidada oleks paras alkeemiline \u00f5nnestumine.&#13;\n<\/p>\n<p>Kris Ilves (9.):\u00a0V\u00e4ga \u00f5huke koosseis, aga mulle tundub, et meeskonnas on siiski piisavalt kogemust ja kvaliteeti, et mitte viimaseks j\u00e4\u00e4da. Kindlasti tuleb v\u00e4ga keeruline hooaeg ja p\u00fcsimaj\u00e4\u00e4mise nimel peab k\u00f5vasti pingutada.&#13;\n<\/p>\n<p>Gunnar Salu (9.):\u00a0Kuressaare sats on v\u00e4ga-v\u00e4ga h\u00f5re. Palju lahkujaid, pluss liider M\u00e4rten Pajunurm l\u00f5petas karj\u00e4\u00e4ri. Paljud p\u00f5hitegijad l\u00e4ksid veel minema. Kindlasti on meeskonna staar Karl-Romet N\u00f5mm v\u00e4ravasuul, aga ma ei usu, et ta seda uppuvat laeva \u00fcksi vee peal hoiab. Raske on uskuda ka seda, et Andero Kivi l\u00f6\u00f6ma hakkab ja seet\u00f5ttu tundub \u00fcheksas koht taas asjakohane.&#13;\n<\/p>\n<p>Siim Pulst (10.): Aeg n\u00e4itab, kas Kuressaare klubi ja noored m\u00e4ngijad on professionaalse meeskonna n\u00f5udmisteks valmis. Peatreeneris ja tuumikus ma ei kahtle, aga hooaeg on pikk.&#13;\n<\/p>\n<p><a href=\"https:\/\/soccernet.ee\/fotod\/pl-jk-tallinna-kalev-fc-kuressaare11\" rel=\"nofollow noopener\" target=\"_blank\"><img decoding=\"async\" src=\"https:\/\/www.europesays.com\/ee\/wp-content\/uploads\/2026\/03\/1762606575.jpg\" alt=\"Soccernet.ee toimetus ennustab, et Kuressaare paat vajub p\u00f5hja. Foto: Jana Pipar\"\/><\/a>&#13;\n<\/p>\n<p>***<\/p>\n<p>Toimetuse liikmete ennustused:&#13;\n<\/p>\n<p>Heiti Heli&#13;\n<\/p>\n<ol>&#13;<\/p>\n<li>Kalju<\/li>\n<p>&#13;<\/p>\n<li>Flora<\/li>\n<p>&#13;<\/p>\n<li>Paide<\/li>\n<p>&#13;<\/p>\n<li>Levadia<\/li>\n<p>&#13;<\/p>\n<li>Trans<\/li>\n<p>&#13;<\/p>\n<li>Vaprus<\/li>\n<p>&#13;<\/p>\n<li>Harju<\/li>\n<p>&#13;<\/p>\n<li>Tammeka<\/li>\n<p>&#13;<\/p>\n<li>Kuressaare<\/li>\n<p>&#13;<\/p>\n<li>United<\/li>\n<p>&#13;\n<\/ol>\n<p>Kris Ilves&#13;\n<\/p>\n<ol>&#13;<\/p>\n<li>Flora<\/li>\n<p>&#13;<\/p>\n<li>Paide<\/li>\n<p>&#13;<\/p>\n<li>Levadia<\/li>\n<p>&#13;<\/p>\n<li>Kalju<\/li>\n<p>&#13;<\/p>\n<li>Trans<\/li>\n<p>&#13;<\/p>\n<li>Vaprus<\/li>\n<p>&#13;<\/p>\n<li>Tammeka<\/li>\n<p>&#13;<\/p>\n<li>Harju<\/li>\n<p>&#13;<\/p>\n<li>Kuressaare<\/li>\n<p>&#13;<\/p>\n<li>United<\/li>\n<p>&#13;\n<\/ol>\n<p>Laura Jaansen&#13;\n<\/p>\n<ol>&#13;<\/p>\n<li>Levadia<\/li>\n<p>&#13;<\/p>\n<li>Paide<\/li>\n<p>&#13;<\/p>\n<li>Kalju<\/li>\n<p>&#13;<\/p>\n<li>Flora<\/li>\n<p>&#13;<\/p>\n<li>Trans<\/li>\n<p>&#13;<\/p>\n<li>Harju<\/li>\n<p>&#13;<\/p>\n<li>United<\/li>\n<p>&#13;<\/p>\n<li>Vaprus<\/li>\n<p>&#13;<\/p>\n<li>Tammeka<\/li>\n<p>&#13;<\/p>\n<li>Kuressaare<\/li>\n<p>&#13;\n<\/ol>\n<p>Kristjan Jaak Kangur&#13;\n<\/p>\n<ol>&#13;<\/p>\n<li>Levadia<\/li>\n<p>&#13;<\/p>\n<li>Flora<\/li>\n<p>&#13;<\/p>\n<li>Paide<\/li>\n<p>&#13;<\/p>\n<li>Kalju<\/li>\n<p>&#13;<\/p>\n<li>Vaprus<\/li>\n<p>&#13;<\/p>\n<li>Trans<\/li>\n<p>&#13;<\/p>\n<li>Harju<\/li>\n<p>&#13;<\/p>\n<li>Tammeka<\/li>\n<p>&#13;<\/p>\n<li>United<\/li>\n<p>&#13;<\/p>\n<li>Kuressaare<\/li>\n<p>&#13;\n<\/ol>\n<p>Raul Ojassaar&#13;\n<\/p>\n<ol>&#13;<\/p>\n<li>Flora<\/li>\n<p>&#13;<\/p>\n<li>Paide<\/li>\n<p>&#13;<\/p>\n<li>Levadia<\/li>\n<p>&#13;<\/p>\n<li>Kalju<\/li>\n<p>&#13;<\/p>\n<li>Trans<\/li>\n<p>&#13;<\/p>\n<li>Harju<\/li>\n<p>&#13;<\/p>\n<li>Vaprus<\/li>\n<p>&#13;<\/p>\n<li>Kuressaare<\/li>\n<p>&#13;<\/p>\n<li>Tammeka<\/li>\n<p>&#13;<\/p>\n<li>United<\/li>\n<p>&#13;\n<\/ol>\n<p>Siim Pulst&#13;\n<\/p>\n<ol>&#13;<\/p>\n<li>Kalju<\/li>\n<p>&#13;<\/p>\n<li>Paide<\/li>\n<p>&#13;<\/p>\n<li>Flora<\/li>\n<p>&#13;<\/p>\n<li>Levadia<\/li>\n<p>&#13;<\/p>\n<li>Trans<\/li>\n<p>&#13;<\/p>\n<li>Vaprus<\/li>\n<p>&#13;<\/p>\n<li>Harju<\/li>\n<p>&#13;<\/p>\n<li>Tammeka<\/li>\n<p>&#13;<\/p>\n<li>United<\/li>\n<p>&#13;<\/p>\n<li>Kuressaare<\/li>\n<p>&#13;\n<\/ol>\n<p>Kristjan Remmelkoor&#13;\n<\/p>\n<ol>&#13;<\/p>\n<li>Paide<\/li>\n<p>&#13;<\/p>\n<li>Levadia<\/li>\n<p>&#13;<\/p>\n<li>Kalju<\/li>\n<p>&#13;<\/p>\n<li>Flora<\/li>\n<p>&#13;<\/p>\n<li>Trans<\/li>\n<p>&#13;<\/p>\n<li>Vaprus<\/li>\n<p>&#13;<\/p>\n<li>Tammeka<\/li>\n<p>&#13;<\/p>\n<li>United<\/li>\n<p>&#13;<\/p>\n<li>Harju<\/li>\n<p>&#13;<\/p>\n<li>Kuressaare<\/li>\n<p>&#13;\n<\/ol>\n<p>Gunnar Salu&#13;\n<\/p>\n<ol>&#13;<\/p>\n<li>Flora<\/li>\n<p>&#13;<\/p>\n<li>Levadia<\/li>\n<p>&#13;<\/p>\n<li>Kalju<\/li>\n<p>&#13;<\/p>\n<li>Paide<\/li>\n<p>&#13;<\/p>\n<li>Vaprus<\/li>\n<p>&#13;<\/p>\n<li>Trans<\/li>\n<p>&#13;<\/p>\n<li>Harju<\/li>\n<p>&#13;<\/p>\n<li>Tammeka<\/li>\n<p>&#13;<\/p>\n<li>Kuressaare<\/li>\n<p>&#13;<\/p>\n<li>United<\/li>\n<p>&#13;\n<\/ol>\n<p>Ka hiljutises &#8220;Pikk ette (ja ise j\u00e4rele)&#8221; taskuh\u00e4\u00e4lingusaates anal\u00fc\u00fcsiti igat v\u00f5istkonda ja ennustati neile l\u00f5ppkohta:<\/p>\n","protected":false},"excerpt":{"rendered":"&#13; Uus hooaeg koputab viimaks uksele! 246 p\u00e4eva p\u00e4rast t\u00f5stab keegi taeva poole Premium liiga karika ning k\u00fcmme&hellip;\n","protected":false},"author":2,"featured_media":123111,"comment_status":"","ping_status":"","sticky":false,"template":"","format":"standard","meta":{"footnotes":"","_share_on_mastodon":"0"},"categories":[18],"tags":[37,33,35,2490,34,36,163,56887,905,36109,1357,9035,9036,53402,456,16156,1358,907,167,16157,56888,159,158,701,459,2331,1622],"class_list":["post-123110","post","type-post","status-publish","format-standard","has-post-thumbnail","category-sport","tag-ee","tag-eesti","tag-eesti-keel","tag-ennustus","tag-estonia","tag-estonian","tag-flora","tag-gunnar-salu","tag-harju","tag-heiti-heli","tag-kalju","tag-kris-ilves","tag-kristjan-jaak-kangur","tag-kristjan-remmelkoor","tag-kuressaare","tag-laura-jaansen","tag-levadia","tag-paide","tag-premium-liiga","tag-raul-ojassaar","tag-siim-pulst","tag-sport","tag-sports","tag-tammeka","tag-trans","tag-united","tag-vaprus"],"share_on_mastodon":{"url":"https:\/\/pubeurope.com\/@ee\/116187715621616522","error":""},"_links":{"self":[{"href":"https:\/\/www.europesays.com\/ee\/wp-json\/wp\/v2\/posts\/123110","targetHints":{"allow":["GET"]}}],"collection":[{"href":"https:\/\/www.europesays.com\/ee\/wp-json\/wp\/v2\/posts"}],"about":[{"href":"https:\/\/www.europesays.com\/ee\/wp-json\/wp\/v2\/types\/post"}],"author":[{"embeddable":true,"href":"https:\/\/www.europesays.com\/ee\/wp-json\/wp\/v2\/users\/2"}],"replies":[{"embeddable":true,"href":"https:\/\/www.europesays.com\/ee\/wp-json\/wp\/v2\/comments?post=123110"}],"version-history":[{"count":0,"href":"https:\/\/www.europesays.com\/ee\/wp-json\/wp\/v2\/posts\/123110\/revisions"}],"wp:featuredmedia":[{"embeddable":true,"href":"https:\/\/www.europesays.com\/ee\/wp-json\/wp\/v2\/media\/123111"}],"wp:attachment":[{"href":"https:\/\/www.europesays.com\/ee\/wp-json\/wp\/v2\/media?parent=123110"}],"wp:term":[{"taxonomy":"category","embeddable":true,"href":"https:\/\/www.europesays.com\/ee\/wp-json\/wp\/v2\/categories?post=123110"},{"taxonomy":"post_tag","embeddable":true,"href":"https:\/\/www.europesays.com\/ee\/wp-json\/wp\/v2\/tags?post=123110"}],"curies":[{"name":"wp","href":"https:\/\/api.w.org\/{rel}","templated":true}]}}