{"id":123116,"date":"2026-03-07T11:52:07","date_gmt":"2026-03-07T11:52:07","guid":{"rendered":"https:\/\/www.europesays.com\/ee\/123116\/"},"modified":"2026-03-07T11:52:07","modified_gmt":"2026-03-07T11:52:07","slug":"esinejad-paljastavad-mida-me-peame-teadma-ene-liis-semperi-salaparasest-8-martsi-uritusest-postimees","status":"publish","type":"post","link":"https:\/\/www.europesays.com\/ee\/123116\/","title":{"rendered":"Esinejad paljastavad: mida me peame teadma Ene-Liis Semperi salap\u00e4rasest 8. m\u00e4rtsi \u00fcritusest &#8211; Postimees"},"content":{"rendered":"<ol>\n<li><a href=\"https:\/\/news.google.com\/rss\/articles\/CBMixgFBVV95cUxQVVRwUEg5bjRUangyVktXcUtpaGpBcm5TanV6RmtLU3RPRm42Y1Bmbkg4eUZuN0o2Q0JlZzdxZmZaczVMZWtTZ3RFUXpIbllsSndhRmJMNzlyX0R1aGNZSkRSUXRkb3phVHlzY1lrTUloZ0cwbFBPVGpBeWRkbUdoeTBYVU11WUVYd2J0Mk55VHlUdUNEV1ZLNDA0R3cxU2w5elluU3c2LTZSMDdMeE9uT3M3WmNCVEJfR2dqSGZlVFRwY2kxYmc?oc=5\" target=\"_blank\" rel=\"nofollow noopener\">Esinejad paljastavad: mida me peame teadma Ene-Liis Semperi salap\u00e4rasest 8. m\u00e4rtsi \u00fcritusest<\/a>&nbsp;&nbsp;Postimees<\/li>\n<li><a href=\"https:\/\/news.google.com\/rss\/articles\/CBMizAFBVV95cUxOTjdiS3c3S3Z5RHB6VEcxbXM2YmN4OWk5VTlJWng0MzBFckljeUZUOS1ER2R4Mk9hcUUyTGowUDI2NW83emRVYUhIOC1FaHFyLWdEOEh3SVpjSEJMSDRnamIxSjc3a3d0Z3RiZTJTSXRJSE1CU0hrZTFpOUwtNkRiR1Z1QkxkbGZWb0F2ZkVsWUM2V0pvX2c1MWhteW40RlRZRlNFRDFJWUNadkhfeERBLUxaMnp2b0c0TGtsNjJDTEFnU2NNdVZPdkJVYmg?oc=5\" target=\"_blank\" rel=\"nofollow noopener\">Staarid esinevad Ene-Liis Semperi salap\u00e4rasel suur\u00fcritusel tasuta. \u201eSee pole kasumiprojekt\u201c<\/a>&nbsp;&nbsp;Delfi<\/li>\n<li><a href=\"https:\/\/news.google.com\/rss\/articles\/CBMiP0FVX3lxTE9yZy11LXZHNUNrY1lRUFRRb0hmbUFyVTktMUpRRlphdl9qXzdoWWFtWE5BQ2RvaV9aQTJrMExxbw?oc=5\" target=\"_blank\" rel=\"nofollow noopener\">Ene-Liis Semper: tahan proovida, kas Eestis on suur kokkulepe v\u00f5imalik<\/a>&nbsp;&nbsp;Uudis.net<\/li>\n<li><a href=\"https:\/\/news.google.com\/rss\/articles\/CBMisAFBVV95cUxQRDBZaUVnWUt5OFFQZlN2NjBiZHlCYk8yTUl6MjBaQmUyblczQWdwNE1rd1hQRFI1WWtFd1J0LWZLZEFIcUpxS1NyaWdrUENjOXlWRndiaHNMM1FTTUctUDJudEdUTVhKWjhRc2lVZ1l6MVUwY2FDWktUVFdLRWRMbkhacXJUQXpscTVBbHM0emZmYlh4SXQzUlpwYWg4VllNNExGcHJvZ3BNU2R3emNzMg?oc=5\" target=\"_blank\" rel=\"nofollow noopener\">L\u00d5PUKS OMETI! \u27e9 Ene-Liis Semper teeb v\u00e4ga eriliste loojatega uut megaprojekti<\/a>&nbsp;&nbsp;Postimees<\/li>\n<\/ol>\n","protected":false},"excerpt":{"rendered":"Esinejad paljastavad: mida me peame teadma Ene-Liis Semperi salap\u00e4rasest 8. m\u00e4rtsi \u00fcritusest&nbsp;&nbsp;Postimees Staarid esinevad Ene-Liis Semperi salap\u00e4rasel suur\u00fcritusel&hellip;\n","protected":false},"author":2,"featured_media":123117,"comment_status":"","ping_status":"","sticky":false,"template":"","format":"standard","meta":{"footnotes":"","_share_on_mastodon":"0"},"categories":[16],"tags":[37,33,36869,35,1366,173,34,36,56889,285,140,16538,3148,6105,56890,550],"class_list":["post-123116","post","type-post","status-publish","format-standard","has-post-thumbnail","category-meelelahutus","tag-ee","tag-eesti","tag-eesti-inimesed","tag-eesti-keel","tag-ene-liis-semper","tag-entertainment","tag-estonia","tag-estonian","tag-julgeoleku-teema","tag-loodus","tag-meelelahutus","tag-noep","tag-nublu","tag-tulevik","tag-uhtne-eesti-suurkogud","tag-vaiko-eplik"],"share_on_mastodon":{"url":"https:\/\/pubeurope.com\/@ee\/116187755137439472","error":""},"_links":{"self":[{"href":"https:\/\/www.europesays.com\/ee\/wp-json\/wp\/v2\/posts\/123116","targetHints":{"allow":["GET"]}}],"collection":[{"href":"https:\/\/www.europesays.com\/ee\/wp-json\/wp\/v2\/posts"}],"about":[{"href":"https:\/\/www.europesays.com\/ee\/wp-json\/wp\/v2\/types\/post"}],"author":[{"embeddable":true,"href":"https:\/\/www.europesays.com\/ee\/wp-json\/wp\/v2\/users\/2"}],"replies":[{"embeddable":true,"href":"https:\/\/www.europesays.com\/ee\/wp-json\/wp\/v2\/comments?post=123116"}],"version-history":[{"count":0,"href":"https:\/\/www.europesays.com\/ee\/wp-json\/wp\/v2\/posts\/123116\/revisions"}],"wp:featuredmedia":[{"embeddable":true,"href":"https:\/\/www.europesays.com\/ee\/wp-json\/wp\/v2\/media\/123117"}],"wp:attachment":[{"href":"https:\/\/www.europesays.com\/ee\/wp-json\/wp\/v2\/media?parent=123116"}],"wp:term":[{"taxonomy":"category","embeddable":true,"href":"https:\/\/www.europesays.com\/ee\/wp-json\/wp\/v2\/categories?post=123116"},{"taxonomy":"post_tag","embeddable":true,"href":"https:\/\/www.europesays.com\/ee\/wp-json\/wp\/v2\/tags?post=123116"}],"curies":[{"name":"wp","href":"https:\/\/api.w.org\/{rel}","templated":true}]}}