{"id":123218,"date":"2026-03-07T14:05:08","date_gmt":"2026-03-07T14:05:08","guid":{"rendered":"https:\/\/www.europesays.com\/ee\/123218\/"},"modified":"2026-03-07T14:05:08","modified_gmt":"2026-03-07T14:05:08","slug":"klipp-mis-juhtus-oprah-winfreyga-kunagine-usa-telesaatejuht-nagi-pariisi-moenadalal-tundmatuseni-muutunud-valja","status":"publish","type":"post","link":"https:\/\/www.europesays.com\/ee\/123218\/","title":{"rendered":"KLIPP | \u201eMis juhtus Oprah Winfreyga?\u201c Kunagine USA telesaatejuht n\u00e4gi Pariisi moen\u00e4dalal tundmatuseni muutunud v\u00e4lja"},"content":{"rendered":"<p>Aastaid tagasi USAs populaarne olnud telesaatejuht <a rel=\"noopener nofollow\" target=\"_blank\" href=\"https:\/\/www.delfi.ee\/teema\/1155\/oprah-winfrey\" tag-id=\"1155\">Oprah Winfrey<\/a> (72) p\u00fc\u00fcdis Pariisi moen\u00e4dalal pilke oma silmn\u00e4htavalt saledama v\u00e4limusega. Seda eelk\u00f5ike t\u00e4nu klipile, mis temast oli filmitud moen\u00e4dala \u00fchel s\u00fcndmusel. L\u00fchikeses videos liikus ta ringi inimsummas, kuid paistis oma efektse riietusega nende seast v\u00e4lja.<\/p>\n<p><img decoding=\"async\" src=\"https:\/\/www.europesays.com\/ee\/wp-content\/uploads\/2026\/03\/467a8b3f-a95b-42b2-a3dc-8c1d1a9885bc.jpg\" loading=\"lazy\" alt=\"Oprah Winfrey aastal 2015\"\/><\/p>\n<p>Oprah oli moen\u00e4dalale selga valinud stiilsed, kuid mugavad r\u00f5ivad. Ta kandis karamellitooni l\u00fchikest jakki ning oli jalga pannud k\u00f5rge pihaga sinised teksad. Telesaatejuht kandis suuri p\u00e4ikeseprille ja tema v\u00e4limust t\u00e4iustas heledas toonis k\u00e4ekott. Oprah\u2019 juuksed olid s\u00e4titud madalasse patsi, vahendab OK Magazine.<\/p>\n<p>Klipp Oprah\u2019st p\u00fc\u00fcdis netirahva t\u00e4helepanu eelk\u00f5ige sellega, et telen\u00e4gu n\u00e4gi seal oma varasema v\u00e4limusega v\u00f5rreldes tunduvalt k\u00f5hnem v\u00e4lja. Nii m\u00f5nigi neist oli klippi n\u00e4hes arvamusel, et varasem telestaar on kasutanud kaalurohtu Ozempicut. Teistele tekitas Oprah\u2019 v\u00e4limus aga kummastust ning nad pakkusid, et tegemist ei ole \u00fcldse telen\u00e4oga, vaid kellegi teisega. Mitmed arvasid lausa, et tegemist on Oprah\u2019 klooniga.<\/p>\n<p>\u201eMis juhtus Oprah Winfreyga?\u201c k\u00fcsis \u00fcks kasutaja telen\u00e4ost avaldatud klipi kohta. \u201eKuidas saab keegi seda inimest vaadata ja m\u00f5elda, et see on t\u00f5esti Oprah?\u201c kommenteeris j\u00e4rgmine inimene. \u201eTa peaks oma nime muutma Ozemprah\u2019ks\u201c arvas teine. \u201eOprah n\u00e4eb v\u00e4lja, nagu ta hommikus\u00f6\u00f6k, l\u00f5una ja \u00f5htus\u00f6\u00f6k on Ozempic,\u201c \u00fctles kolmas. \u201eTa on kindlasti k\u00e4inud noa all,\u201c arvas veel \u00fcks kommenteerija. <\/p>\n<p>S\u00f5na v\u00f5tsid ka need, kes hoopiski kiitsid Oprah\u2019 v\u00e4limust. \u201eTa ei n\u00e4e halb v\u00e4lja 72-aastase kohta,\u201c \u00fctles \u00fcks kommenteerija. \u201eTa n\u00e4eb hea v\u00e4lja,\u201c leidis teinegi. Kolmandad arvasid, et telen\u00e4o stilist on kohutav ja ta tuleks v\u00e4lja vahetada, siis n\u00e4eks Oprah samasugune nagu varem. <\/p>\n<p>Kuidas see lugu Sind end tundma pani? Saada <a href=\"https:\/\/kroonika.delfi.ee\/artikkel\/120440831\/klipp-mis-juhtus-oprah-winfreyga-kunagine-usa-telesaatejuht-nagi-pariisi-moenadalal-tundmatuseni-muutunud-valja\/kommentaarid\" class=\"article-body-bottom__comment article-body-bottom__comment--write button button--primary button--size-auto\" rel=\"nofollow noopener\" target=\"_blank\"> Kommenteeri <\/a><a href=\"https:\/\/kroonika.delfi.ee\/artikkel\/120440831\/klipp-mis-juhtus-oprah-winfreyga-kunagine-usa-telesaatejuht-nagi-pariisi-moenadalal-tundmatuseni-muutunud-valja\/kommentaarid\" class=\"article-body-bottom__comment article-body-bottom__comment--read button button--size-auto\" rel=\"nofollow noopener\" target=\"_blank\"> Loe kommentaare (3)<\/a><\/p>\n","protected":false},"excerpt":{"rendered":"Aastaid tagasi USAs populaarne olnud telesaatejuht Oprah Winfrey (72) p\u00fc\u00fcdis Pariisi moen\u00e4dalal pilke oma silmn\u00e4htavalt saledama v\u00e4limusega. Seda&hellip;\n","protected":false},"author":2,"featured_media":123219,"comment_status":"","ping_status":"","sticky":false,"template":"","format":"standard","meta":{"footnotes":"","_share_on_mastodon":"0"},"categories":[16],"tags":[37,33,35,173,34,36,140,44509,4861],"class_list":["post-123218","post","type-post","status-publish","format-standard","has-post-thumbnail","category-meelelahutus","tag-ee","tag-eesti","tag-eesti-keel","tag-entertainment","tag-estonia","tag-estonian","tag-meelelahutus","tag-oprah","tag-oprah-winfrey"],"share_on_mastodon":{"url":"https:\/\/pubeurope.com\/@ee\/116188277994108080","error":""},"_links":{"self":[{"href":"https:\/\/www.europesays.com\/ee\/wp-json\/wp\/v2\/posts\/123218","targetHints":{"allow":["GET"]}}],"collection":[{"href":"https:\/\/www.europesays.com\/ee\/wp-json\/wp\/v2\/posts"}],"about":[{"href":"https:\/\/www.europesays.com\/ee\/wp-json\/wp\/v2\/types\/post"}],"author":[{"embeddable":true,"href":"https:\/\/www.europesays.com\/ee\/wp-json\/wp\/v2\/users\/2"}],"replies":[{"embeddable":true,"href":"https:\/\/www.europesays.com\/ee\/wp-json\/wp\/v2\/comments?post=123218"}],"version-history":[{"count":0,"href":"https:\/\/www.europesays.com\/ee\/wp-json\/wp\/v2\/posts\/123218\/revisions"}],"wp:featuredmedia":[{"embeddable":true,"href":"https:\/\/www.europesays.com\/ee\/wp-json\/wp\/v2\/media\/123219"}],"wp:attachment":[{"href":"https:\/\/www.europesays.com\/ee\/wp-json\/wp\/v2\/media?parent=123218"}],"wp:term":[{"taxonomy":"category","embeddable":true,"href":"https:\/\/www.europesays.com\/ee\/wp-json\/wp\/v2\/categories?post=123218"},{"taxonomy":"post_tag","embeddable":true,"href":"https:\/\/www.europesays.com\/ee\/wp-json\/wp\/v2\/tags?post=123218"}],"curies":[{"name":"wp","href":"https:\/\/api.w.org\/{rel}","templated":true}]}}