{"id":123340,"date":"2026-03-07T17:57:08","date_gmt":"2026-03-07T17:57:08","guid":{"rendered":"https:\/\/www.europesays.com\/ee\/123340\/"},"modified":"2026-03-07T17:57:08","modified_gmt":"2026-03-07T17:57:08","slug":"hoffenheim-tuuseldas-punast-laternat-ja-kerkis-kolmandaks-leverkusen-ja-freiburg-korraldasid-varavatesaju-soccernet-ee","status":"publish","type":"post","link":"https:\/\/www.europesays.com\/ee\/123340\/","title":{"rendered":"Hoffenheim tuuseldas punast laternat ja kerkis kolmandaks, Leverkusen ja Freiburg korraldasid v\u00e4ravatesaju &#8211; Soccernet.ee"},"content":{"rendered":"<p><img decoding=\"async\" src=\"https:\/\/www.europesays.com\/ee\/wp-content\/uploads\/2026\/03\/1772904712.jpg\" alt=\"Alexander Prass. Foto: Scanpix \/ Harry Langer \/ dpa \/ picture-alliance\"\/>&#13;\n<\/p>\n<p>Saksamaa k\u00f5rgliigas kostitas kolmandat kohta hoidev Hoffenheim viimasel tabelireal virelevat Heidenheimi nelja v\u00e4ravaga. Freiburg ja Leverkuseni Bayer l\u00f5id aga \u00fchtekokku kuus v\u00e4ravat.\u00a0<\/p>\n<p>Hoffenheim tegi Heidenheimi vastu asjad selgeks sisuliselt esimese poolajaga, kui kahe tabamusega s\u00e4ras Alexander Prass. Esmalt leidis ta v\u00f5rgu 26. minutil ning 45+1. minutil haaras ta k\u00fclalistele \u00fche v\u00e4rava riietusruumigi kaasa. Hoffenheim tegi kiire alguse ka teisele poolajale, kui juba 49. minutil viis k\u00fclalised 3:0 juhtima Fisnik Asllani.\u00a0&#13;\n<\/p>\n<p>Seepeale n\u00e4itas ka Heidenheim hambaid, kui 63. minutil v\u00e4hendas vahe kahev\u00e4ravaliseks Luca Kerber. Seej\u00e4rel n\u00e4is Heidenheim vahe minimaalseks v\u00e4hendavat, ent videokohtuniku abiga tabamus t\u00fchistati. Seepeale vajutas Tim Lemperle v\u00f5rku Hoffenheimi neljanda tabamuse ning 84. minutil vahendas vahe kahev\u00e4ravaliseks taas Kerber. Hoffenheim kerkis Bundesliga kolmandale tabelireale, Heidenheim j\u00e4tkab viimasel kohal.\u00a0&#13;\n<\/p>\n<p>Freiburg ja Leverkusen said juba avapoolajal m\u00e4ngumootorid \u00f5litatult k\u00e4ima, sest \u00fchtekokku l\u00f6\u00f6di neli v\u00e4ravat. Teise poolaja alguses asus Leverkusen juhtima, kuid 86. minutil suutis Matthias Ginter kodumeeskonnale siiski \u00fche punkti napsata. Leverkusen hoiab kuuendat kohta ning Freiburg j\u00e4tkab kaheksandal kohal.\u00a0<\/p>\n<p>Viiki m\u00e4ngisid ka Mainz ja Stuttgart (2:2) ning 2:1 v\u00f5idud vormistasid vastavalt Wolfsburgi ja Augsburgi vastu HSV ja RB Leipzig. Mainz paikneb 14. real ning Stuttgart neljandal. Wolfsburgi seis on aga kehv, sest hetkel paiknetakse eelviimasel kohal ning v\u00e4ljalangemistsoonist p\u00e4\u00e4staks neid kolm punkti. Augsburg j\u00e4tkab \u00fcheksandal kohal, HSV ja Leipzig vastavalt k\u00fcmnendal ja viiendal.\u00a0&#13;<\/p>\n","protected":false},"excerpt":{"rendered":"&#13; Saksamaa k\u00f5rgliigas kostitas kolmandat kohta hoidev Hoffenheim viimasel tabelireal virelevat Heidenheimi nelja v\u00e4ravaga. Freiburg ja Leverkuseni Bayer&hellip;\n","protected":false},"author":2,"featured_media":123341,"comment_status":"","ping_status":"","sticky":false,"template":"","format":"standard","meta":{"footnotes":"","_share_on_mastodon":"0"},"categories":[18],"tags":[523,13436,527,37,33,35,34,36,528,531,533,534,1709,537,1161,51,159,158,1003,1712],"class_list":["post-123340","post","type-post","status-publish","format-standard","has-post-thumbnail","category-sport","tag-augsburg","tag-bayer-leverkusen","tag-bundesliga","tag-ee","tag-eesti","tag-eesti-keel","tag-estonia","tag-estonian","tag-freiburg","tag-heidenheim","tag-hoffenheim","tag-hsv","tag-leverkusen","tag-mainz","tag-rb-leipzig","tag-saksamaa","tag-sport","tag-sports","tag-stuttgart","tag-wolfsburg"],"share_on_mastodon":{"url":"https:\/\/pubeurope.com\/@ee\/116189190226715918","error":""},"_links":{"self":[{"href":"https:\/\/www.europesays.com\/ee\/wp-json\/wp\/v2\/posts\/123340","targetHints":{"allow":["GET"]}}],"collection":[{"href":"https:\/\/www.europesays.com\/ee\/wp-json\/wp\/v2\/posts"}],"about":[{"href":"https:\/\/www.europesays.com\/ee\/wp-json\/wp\/v2\/types\/post"}],"author":[{"embeddable":true,"href":"https:\/\/www.europesays.com\/ee\/wp-json\/wp\/v2\/users\/2"}],"replies":[{"embeddable":true,"href":"https:\/\/www.europesays.com\/ee\/wp-json\/wp\/v2\/comments?post=123340"}],"version-history":[{"count":0,"href":"https:\/\/www.europesays.com\/ee\/wp-json\/wp\/v2\/posts\/123340\/revisions"}],"wp:featuredmedia":[{"embeddable":true,"href":"https:\/\/www.europesays.com\/ee\/wp-json\/wp\/v2\/media\/123341"}],"wp:attachment":[{"href":"https:\/\/www.europesays.com\/ee\/wp-json\/wp\/v2\/media?parent=123340"}],"wp:term":[{"taxonomy":"category","embeddable":true,"href":"https:\/\/www.europesays.com\/ee\/wp-json\/wp\/v2\/categories?post=123340"},{"taxonomy":"post_tag","embeddable":true,"href":"https:\/\/www.europesays.com\/ee\/wp-json\/wp\/v2\/tags?post=123340"}],"curies":[{"name":"wp","href":"https:\/\/api.w.org\/{rel}","templated":true}]}}