{"id":123367,"date":"2026-03-07T18:41:07","date_gmt":"2026-03-07T18:41:07","guid":{"rendered":"https:\/\/www.europesays.com\/ee\/123367\/"},"modified":"2026-03-07T18:41:07","modified_gmt":"2026-03-07T18:41:07","slug":"sevoldajeva-leedu-stiilist-kui-varavavahi-pikk-pall-lendab-60-70-meetrit-siis-pole-ulesehitust-vajagi-soccernet-ee","status":"publish","type":"post","link":"https:\/\/www.europesays.com\/ee\/123367\/","title":{"rendered":"\u0160evoldajeva Leedu stiilist: kui v\u00e4ravavahi pikk pall lendab 60-70 meetrit, siis pole \u00fclesehitust vajagi &#8211; Soccernet.ee"},"content":{"rendered":"<p><a href=\"https:\/\/soccernet.ee\/fotod\/na-leedu-eesti\" rel=\"nofollow noopener\" target=\"_blank\"><img decoding=\"async\" src=\"https:\/\/www.europesays.com\/ee\/wp-content\/uploads\/2026\/03\/1772905023.jpg\" alt=\"Aleksandra \u0160evoldajeva. Foto: Liisi Troska \/ jalgpall.ee\"\/><\/a>&#13;\n<\/p>\n<p>Eesti naiste koondise peatreener Aleksandra \u0160evoldajeva peab naiskonna esitust MM-valikm\u00e4ngus Leedu vastu selgelt paremaks kui novembrikuises maav\u00f5istluses.<\/p>\n<p>Novembris kaotati Tallinnas s\u00f5pruskohtumine 0:2, t\u00e4na tehti v\u00f5\u00f5rsil valikm\u00e4ngus v\u00e4ravateta viik. Leedu pressing ja kiirr\u00fcnnakud valmistasid ka seekord parajalt peavalu, kuid h\u00e4id v\u00f5imalusi jagus ka Eestile.&#13;\n<\/p>\n<p>&#8220;Kindlasti parem kui eelmine m\u00e4ng Leedu vastu, aga kindlasti ei saa k\u00f5igega rahul olla. Oli rohkem momente, mis olid meil kontrolli all, aga me\u00a0ei suutnud pressi alt seljatagust ohustada selliselt nagu oleks tahtnud. Leedukad tulid esimesel poolajal v\u00e4ga k\u00f5rge ja tugeva \u00fcks-\u00fchele pressiga &#8211; sealt ei leidnud me koheselt\u00a0h\u00e4id lahendusi. Teisel poolajal saime m\u00f5nes olukorras paremini hakkama,&#8221; r\u00e4\u00e4kis \u0160evoldajeva l\u00f5puvile j\u00e4rel Soccernet.ee-le.&#13;\n<\/p>\n<p>Katarina Elisabeth K\u00e4pa t\u00f5rjet\u00f6\u00f6 (Leedu sooritas kaheksa l\u00f6\u00f6ki raamide vahele Eesti \u00fche vastu) kindlustas naiskonnale valiksarja esimese punkti, kuid viigipunkt rahuloluks p\u00f5hjust ei anna. &#8220;Me ei tulnud siia \u00fche punkti j\u00e4rele v\u00f5i kahe m\u00e4ngu peale \u00fche punkti j\u00e4rgi, seega ei ole see see, mida me oleksime tahtnud,&#8221; \u00fctles peatreener ja m\u00e4rkis Leedu ise\u00e4ralikku l\u00e4henemist:<\/p>\n<p>&#8220;Leedu m\u00e4ngib v\u00e4ga rahulikku sirgjoonelist jalgpalli. Neil on v\u00e4ravavaht, kes m\u00e4ngib pikka palli, mis lendab 60-70 meetrit, ja siis t\u00f5epoolest \u00fclesehitust ei olegi nagu vaja teha. Sealt panid nad pressi peale, nurgal\u00f6\u00f6gid-asjad. Ma olen v\u00e4ga rahul sellega, kuidas me kaitsesime kasti. T\u00f5rjed, puhastamised ja kasti kaitsmine olid positiivsed, seega keskenduks ma nendele asjadele ja sellele, et me kindlasti tegime parema m\u00e4ngu kui eelmine kord Leedu vastu.&#8221;&#13;\n<\/p>\n<p>Liechtensteinile neli v\u00e4ravat l\u00f6\u00f6nud Rimante Jonu\u0161aite \u00f5nnestus Siret R\u00e4\u00e4meti juhitud kaitseliinil seekord kuival hoida. &#8220;Eelmistes m\u00e4ngudes on meile kontrate pealt p\u00e4ris palju v\u00e4ravaid l\u00f6\u00f6dud &#8211; mitte ainult Leedu, vaid ka m\u00f5ned teised koondised. Seega on see oluline moment, et r\u00fcndaja ei saaks nii lihtsasti joosta pallikaotuse momentides &#8211; seal on vaja tema avanemisi ja jooksu liini taha kontrollida ja blokeerida, eriti pika palli puhul,&#8221; selgitas \u0160evoldajeva.&#13;\n<\/p>\n<p>P\u00f5lveh\u00e4da t\u00f5ttu eelmise m\u00e4ngu vahele j\u00e4tnud Vlada Kubassova l\u00fclitati otse algkoosseisu, kuid vahetati avapoolaja j\u00e4rel v\u00e4lja &#8211; peatreeneri kinnitusel oligi nii planeeritud. Seej\u00e4rel asus r\u00fcndesse Jaanika Volkov, keda oleme harjunud koondises n\u00e4gema keskv\u00e4ljal.&#13;\n<\/p>\n<p>Peatreeneri s\u00f5nul n\u00e4itasid Volkovi avanemised ja l\u00e4bis\u00f6\u00f6t Kristina Teernile, et ta &#8220;on \u00fclemistes ruumides p\u00e4ris efektiivne&#8221;, olgugi et l\u00f5puks nihutati ta tuttavamale positsioonile: &#8220;Mingi hetk t\u00f5ime ta allapoole ja panime Emma [Treibergi] \u00fcles selleks, et natukene veel rohkem vastase seljatagust ohustada. \u00dcldiselt ma arvan, et ta [Volkov r\u00fcndes] tegi v\u00e4hemalt paar head k\u00e4iku. Pigem positiivne.&#8221;<\/p>\n<p>1:3 kaotus Bosnia ja Hertsegoviinale ja 0:0 viik Leeduga ei muuda koondise meelelaadi, nii et aprillis ja juunis minnakse samade vastaste vastu kodus kindlalt v\u00f5idu j\u00e4rele:&#13;\n<\/p>\n<p>&#8220;Mida aeg edasi, seda rohkem saavad m\u00e4ngijad m\u00e4nge alla. Me peame arvestama sellega, et Eesti m\u00e4ngijatel pole liigagi veel alganud, et me reisisime m\u00f5lemad m\u00e4ngud, m\u00e4ngisime \u00fche murul ja n\u00fc\u00fcd uuesti kunstmurul &#8211; erinevaid faktoreid on palju. Kindlasti on ka mingid m\u00e4ngulised momendid, taktikalised momendid, mida me saame ja peame \u00fcle vaatama. Me l\u00e4hme k\u00f5iki m\u00e4nge v\u00f5itma, seega nii nagu me nendes m\u00e4ngudes tahtsime teha, nii tahame me ka k\u00f5iki edaspidiseid m\u00e4nge v\u00f5ita.&#8221;&#13;\n<\/p>\n<p>Eesti j\u00e4tkab valiksarja 14. aprillil, v\u00f5\u00f5rustades A. Le Coq Arenal Liechtensteini, ja neli p\u00e4eva hiljem m\u00e4ngitakse sealsamas uuesti Leeduga.<\/p>\n","protected":false},"excerpt":{"rendered":"&#13; Eesti naiste koondise peatreener Aleksandra \u0160evoldajeva peab naiskonna esitust MM-valikm\u00e4ngus Leedu vastu selgelt paremaks kui novembrikuises maav\u00f5istluses.&hellip;\n","protected":false},"author":2,"featured_media":123368,"comment_status":"","ping_status":"","sticky":false,"template":"","format":"standard","meta":{"footnotes":"","_share_on_mastodon":"0"},"categories":[18],"tags":[9331,37,33,35,9645,34,36,115,15392,5291,9654,55969,9644,159,158],"class_list":["post-123367","post","type-post","status-publish","format-standard","has-post-thumbnail","category-sport","tag-aleksandra-sevoldajeva","tag-ee","tag-eesti","tag-eesti-keel","tag-eesti-naiste-koondis","tag-estonia","tag-estonian","tag-leedu","tag-leedu-naiste-koondis","tag-mm-valikmang","tag-naiste-koondis","tag-naiste-mm","tag-sevoldajeva","tag-sport","tag-sports"],"share_on_mastodon":{"url":"https:\/\/pubeurope.com\/@ee\/116189363104917622","error":""},"_links":{"self":[{"href":"https:\/\/www.europesays.com\/ee\/wp-json\/wp\/v2\/posts\/123367","targetHints":{"allow":["GET"]}}],"collection":[{"href":"https:\/\/www.europesays.com\/ee\/wp-json\/wp\/v2\/posts"}],"about":[{"href":"https:\/\/www.europesays.com\/ee\/wp-json\/wp\/v2\/types\/post"}],"author":[{"embeddable":true,"href":"https:\/\/www.europesays.com\/ee\/wp-json\/wp\/v2\/users\/2"}],"replies":[{"embeddable":true,"href":"https:\/\/www.europesays.com\/ee\/wp-json\/wp\/v2\/comments?post=123367"}],"version-history":[{"count":0,"href":"https:\/\/www.europesays.com\/ee\/wp-json\/wp\/v2\/posts\/123367\/revisions"}],"wp:featuredmedia":[{"embeddable":true,"href":"https:\/\/www.europesays.com\/ee\/wp-json\/wp\/v2\/media\/123368"}],"wp:attachment":[{"href":"https:\/\/www.europesays.com\/ee\/wp-json\/wp\/v2\/media?parent=123367"}],"wp:term":[{"taxonomy":"category","embeddable":true,"href":"https:\/\/www.europesays.com\/ee\/wp-json\/wp\/v2\/categories?post=123367"},{"taxonomy":"post_tag","embeddable":true,"href":"https:\/\/www.europesays.com\/ee\/wp-json\/wp\/v2\/tags?post=123367"}],"curies":[{"name":"wp","href":"https:\/\/api.w.org\/{rel}","templated":true}]}}