{"id":123407,"date":"2026-03-07T19:40:39","date_gmt":"2026-03-07T19:40:39","guid":{"rendered":"https:\/\/www.europesays.com\/ee\/123407\/"},"modified":"2026-03-07T19:40:39","modified_gmt":"2026-03-07T19:40:39","slug":"tarbijahinnaindeks-tousis-veebruaris-aastaga-31-protsenti-majandus","status":"publish","type":"post","link":"https:\/\/www.europesays.com\/ee\/123407\/","title":{"rendered":"Tarbijahinnaindeks t\u00f5usis veebruaris aastaga 3,1 protsenti | Majandus"},"content":{"rendered":"<p>Statistikaameti andmetel t\u00f5usis tarbijahinnaindeks veebruaris v\u00f5rreldes jaanuariga 0,8 protsenti ning v\u00f5rreldes 2025. aasta veebruariga 3,1 protsenti.<\/p>\n<p>Eelmise aasta veebruariga v\u00f5rreldes olid kaubad 2,5 protsenti ja teenused neli protsenti kallimad.<\/p>\n<p>Statistikaameti tarbijahindade statistika teenusejuht\u00a0Lauri Veski\u00a0selgitas, et tarbijahinnaindeksi t\u00f5us eelmise aasta sama kuuga v\u00f5rreldes ehk inflatsioon on viimastel kuudel olnud j\u00e4rjest v\u00e4iksem.<\/p>\n<p>&#8220;Kui j\u00e4tame v\u00e4lja 2025. aasta novembri, siis on inflatsioon langenud alates mullu septembrist,&#8221; t\u00f5i Veski v\u00e4lja.\u00a0<\/p>\n<p><img decoding=\"async\" data-photo-id=\"3241826\" src=\"https:\/\/www.europesays.com\/ee\/wp-content\/uploads\/2026\/03\/3241826h0385t24.jpg\"\/>Tarbijahinnaindeksi aastamuutus. Autor\/allikas: Statistikaamet<\/p>\n<p>V\u00f5rreldes eelmise aasta sama kuuga m\u00f5jutasid veebruaris tarbijahinnaindeksi t\u00f5usu k\u00f5ige rohkem toidukaupade 5,5-protsendine, tervishoiu 12-protsendine, alkohoolsete jookide ja tubaka 7,9-protsendine ning eluaseme 1,5-protsendine kallinemine.<\/p>\n<p>Kuigi elektrihind oli veebruaris j\u00e4tkuvalt k\u00f5rge, oli see siiski 0,7 protsenti odavam kui aasta tagasi. Riietus ja jalatsid olid 5,7 protsenti odavamad kui eelmise aasta veebruaris, kindlustus- ja finantsteenuste hinnad langesid 13,3 protsenti.<\/p>\n<p>V\u00f5rreldes jaanuariga m\u00f5jutasid veebruaris tarbijahinnaindeksi t\u00f5usu tubakatoodete 6,3-protsendine, puhkusereiside 13,6-protsendine, soojusenergia 2,5-protsendine kallinemine, samuti k\u00fctuste kallinemine. Bensiinihind t\u00f5usis kuuga 1,9 protsenti ning diislik\u00fctuse hind 4,6 protsenti.<\/p>\n<p>&#8220;Tubaka aktsiis t\u00f5usis k\u00fcll juba jaanuaris, kuid selle m\u00f5ju j\u00f5uab tarbijani tavaliselt kolme kuu jooksul, mil on lubatud veel vana maksum\u00e4rgiga kaupa m\u00fc\u00fca,&#8221; kommenteeris Veski.\u00a0<\/p>\n<p>Elektrihind oli veebruaris 0,3 protsenti odavam kui jaanuaris. Toidukaubad kallinesid kuuga 0,3 protsenti, seda peamiselt k\u00f6\u00f6givilja 3,7-protsendise ja kohvi 7,8-protsendise hinnat\u00f5usu t\u00f5ttu. Liha ja lihatooted odavnesid kuuga 1,8 protsenti ning \u00f5lid ja rasvad 5,8 protsenti.<\/p>\n<p><img decoding=\"async\" data-photo-id=\"3241829\" src=\"https:\/\/www.europesays.com\/ee\/wp-content\/uploads\/2026\/03\/3241829ha86ft24.png\"\/>Tarbijahinnaindeksi muutus tooter\u00fchmades, veebruar 2026 Autor\/allikas: Statistikaamet<\/p>\n","protected":false},"excerpt":{"rendered":"Statistikaameti andmetel t\u00f5usis tarbijahinnaindeks veebruaris v\u00f5rreldes jaanuariga 0,8 protsenti ning v\u00f5rreldes 2025. aasta veebruariga 3,1 protsenti. Eelmise aasta&hellip;\n","protected":false},"author":2,"featured_media":119089,"comment_status":"","ping_status":"","sticky":false,"template":"","format":"standard","meta":{"footnotes":"","_share_on_mastodon":"0"},"categories":[12],"tags":[26,27,37,33,35,34,36,31,32,21,28,29,19,25,6694,23,24,22,20,30],"class_list":["post-123407","post","type-post","status-publish","format-standard","has-post-thumbnail","category-eesti","tag-breaking-news","tag-breakingnews","tag-ee","tag-eesti","tag-eesti-keel","tag-estonia","tag-estonian","tag-featured-news","tag-featurednews","tag-headlines","tag-latest-news","tag-latestnews","tag-news","tag-populaarseimad-lood","tag-tarbijahinnad","tag-top-stories","tag-topstories","tag-uldised-uudised","tag-uudised","tag-viimased-uudised"],"share_on_mastodon":{"url":"https:\/\/pubeurope.com\/@ee\/116189595109879945","error":""},"_links":{"self":[{"href":"https:\/\/www.europesays.com\/ee\/wp-json\/wp\/v2\/posts\/123407","targetHints":{"allow":["GET"]}}],"collection":[{"href":"https:\/\/www.europesays.com\/ee\/wp-json\/wp\/v2\/posts"}],"about":[{"href":"https:\/\/www.europesays.com\/ee\/wp-json\/wp\/v2\/types\/post"}],"author":[{"embeddable":true,"href":"https:\/\/www.europesays.com\/ee\/wp-json\/wp\/v2\/users\/2"}],"replies":[{"embeddable":true,"href":"https:\/\/www.europesays.com\/ee\/wp-json\/wp\/v2\/comments?post=123407"}],"version-history":[{"count":0,"href":"https:\/\/www.europesays.com\/ee\/wp-json\/wp\/v2\/posts\/123407\/revisions"}],"wp:featuredmedia":[{"embeddable":true,"href":"https:\/\/www.europesays.com\/ee\/wp-json\/wp\/v2\/media\/119089"}],"wp:attachment":[{"href":"https:\/\/www.europesays.com\/ee\/wp-json\/wp\/v2\/media?parent=123407"}],"wp:term":[{"taxonomy":"category","embeddable":true,"href":"https:\/\/www.europesays.com\/ee\/wp-json\/wp\/v2\/categories?post=123407"},{"taxonomy":"post_tag","embeddable":true,"href":"https:\/\/www.europesays.com\/ee\/wp-json\/wp\/v2\/tags?post=123407"}],"curies":[{"name":"wp","href":"https:\/\/api.w.org\/{rel}","templated":true}]}}