{"id":123423,"date":"2026-03-07T20:10:06","date_gmt":"2026-03-07T20:10:06","guid":{"rendered":"https:\/\/www.europesays.com\/ee\/123423\/"},"modified":"2026-03-07T20:10:06","modified_gmt":"2026-03-07T20:10:06","slug":"luup-peale-flora-tegi-hooaja-alustuseks-platsil-oma-ara-aga-premium-liiga-tervikuna-mitte-galerii-soccernet-ee","status":"publish","type":"post","link":"https:\/\/www.europesays.com\/ee\/123423\/","title":{"rendered":"Luup peale | Flora tegi hooaja alustuseks platsil oma \u00e4ra, aga Premium liiga tervikuna mitte (galerii!) &#8211; Soccernet.ee"},"content":{"rendered":"<ol>\n<li><a href=\"https:\/\/news.google.com\/rss\/articles\/CBMizAFBVV95cUxNUURuaVBHV1REOFN4MkFmdUlja19pVm9TbjlaX0NYNlZlZmxKdFF0ejhTUUZOMU5adzhHWk1pTWN0a1gtS0dUeHJ6cTlNVENQamxLX0Q1N3JPZXcyeV9ZNnZiaDA5SkQ5RWUtTURQMXhDYmRQZ1FMcl9WQlgxTUlyaHBMN1prNWQ3b0ZLZkVJYnJjSnBCWV85bEdONmZHRmlLSDFfZDBYUjVHaG9rQnpaSnJKTHljTHRGZkl6VXpvbTlEenJ0NHVFUHcteF8?oc=5\" target=\"_blank\" rel=\"nofollow noopener\">Luup peale | Flora tegi hooaja alustuseks platsil oma \u00e4ra, aga Premium liiga tervikuna mitte (galerii!)<\/a>&nbsp;&nbsp;Soccernet.ee<\/li>\n<li><a href=\"https:\/\/news.google.com\/rss\/articles\/CBMid0FVX3lxTE1qVUZKMVBhT09pZHFnLV9DMzBwU2VCMk9XUWotc2dVaW1NNmliX1dBX0RDVkZmcW9QZ0JIX1JPTVBaRkJ6dTQwRDRwSG1TTTBVSjUtTkVlM1ZfYWJYbHJod2IyUE9COUZxYWt3ZzBuSE5WUnZCRS1n?oc=5\" target=\"_blank\" rel=\"nofollow noopener\">Flora alustas hooaega kindla v\u00f5iduga<\/a>&nbsp;&nbsp;sport | ERR<\/li>\n<li><a href=\"https:\/\/news.google.com\/rss\/articles\/CBMilgFBVV95cUxNZ2ZmTXpORFgzcHN0c000dVpyUHVvR3FSa1NoS2VYM29KeVp4ZWc2UWRxLW1oeXEtRktoaVdrVGRMT2RUNHk4aHVXbUdDRzRkbndkc3RXQnVPd0plWUotNmdvMGxwSVJGbVFqVHNUbk5jNGVRTnh0eUR4M1huaHExYlJ0R3laOEZ3NjU2ZWF2dnVEME4yRkE?oc=5\" target=\"_blank\" rel=\"nofollow noopener\">LOE J\u00c4RELE: Flora alustas hooaega kindla v\u00f5iduga n\u00f5mmekate \u00fcle<\/a>&nbsp;&nbsp;Soccernet.ee<\/li>\n<li><a href=\"https:\/\/news.google.com\/rss\/articles\/CBMiqAFBVV95cUxNYWNzU3NzUV84bUFqTFo5SENOa2dxVEI3U3dOMXQ5SUZtWlVsR3lxZ0VEUXd2SFduaFVUb0JSUVFsMU9rMXA5MUh3bVZiTWlFZ2tIdW9hMHdaWlNlV2lZVW5BRFE0YnRzWGR2SW9GWkhkS0lJZDduYXk3MldVOXUyWW9OeU4xRElmTXcwZkhxR1N6NGtwUXRDeEpnTmxkbXJxWUJ0SWowT3A?oc=5\" target=\"_blank\" rel=\"nofollow noopener\">FOTOD | Tiitlikaitsja FC Flora avas Premium liiga hooaja kindla v\u00f5iduga<\/a>&nbsp;&nbsp;Delfi Sport<\/li>\n<li><a href=\"https:\/\/news.google.com\/rss\/articles\/CBMi6AFBVV95cUxOY0hMTDg3djlXSEVaWUZYRWM5akZOQjB4bzFhWUNPdlhzVmhXNHVTaHNuYXlscGxhOTVLSmpoY2ZtZVYyblRjZXlMSENnc3J1bE8wb1AtTnMwdzlFTDNYQ1lIU1RSNnV0RDhuVmZrSngzYXBSd3hoTE9saTNHN0JTejFROWctYmVZcGpxMzR2S2ZwZzFDU1Zfay1PRDl0RmNOMTRRVDdwZHVnVWVIUDh4Yi11ZEpJODFDUk53aE15aVFGZUJTd1hHTzZodWtYcVRRNnh2a1VLRXIzNVNQd1BnUGg4dGJWOTFZ?oc=5\" target=\"_blank\" rel=\"nofollow noopener\">GALERII | Tiitlikaitsja Flora avas hooaja veenva v\u00f5iduga uustulnuka \u00fcle. Sappinen: meeskondlikult oli see v\u00e4ga hea m\u00e4ng<\/a>&nbsp;&nbsp;\u00d5htuleht<\/li>\n<\/ol>\n","protected":false},"excerpt":{"rendered":"Luup peale | Flora tegi hooaja alustuseks platsil oma \u00e4ra, aga Premium liiga tervikuna mitte (galerii!)&nbsp;&nbsp;Soccernet.ee Flora alustas&hellip;\n","protected":false},"author":2,"featured_media":123424,"comment_status":"","ping_status":"","sticky":false,"template":"","format":"standard","meta":{"footnotes":"","_share_on_mastodon":"0"},"categories":[18],"tags":[37,33,35,2097,34,36,258,163,3477,3478,3492,1813,5084,167,1145,1146,159,158,1465,2331],"class_list":["post-123423","post","type-post","status-publish","format-standard","has-post-thumbnail","category-sport","tag-ee","tag-eesti","tag-eesti-keel","tag-err","tag-estonia","tag-estonian","tag-etv","tag-flora","tag-kolobov","tag-mihhail-kolobov","tag-nomme","tag-nomme-united","tag-pl","tag-premium-liiga","tag-rauno-sappinen","tag-sappinen","tag-sport","tag-sports","tag-tallinna-fc-flora","tag-united"],"share_on_mastodon":{"url":"https:\/\/pubeurope.com\/@ee\/116189713132308218","error":""},"_links":{"self":[{"href":"https:\/\/www.europesays.com\/ee\/wp-json\/wp\/v2\/posts\/123423","targetHints":{"allow":["GET"]}}],"collection":[{"href":"https:\/\/www.europesays.com\/ee\/wp-json\/wp\/v2\/posts"}],"about":[{"href":"https:\/\/www.europesays.com\/ee\/wp-json\/wp\/v2\/types\/post"}],"author":[{"embeddable":true,"href":"https:\/\/www.europesays.com\/ee\/wp-json\/wp\/v2\/users\/2"}],"replies":[{"embeddable":true,"href":"https:\/\/www.europesays.com\/ee\/wp-json\/wp\/v2\/comments?post=123423"}],"version-history":[{"count":0,"href":"https:\/\/www.europesays.com\/ee\/wp-json\/wp\/v2\/posts\/123423\/revisions"}],"wp:featuredmedia":[{"embeddable":true,"href":"https:\/\/www.europesays.com\/ee\/wp-json\/wp\/v2\/media\/123424"}],"wp:attachment":[{"href":"https:\/\/www.europesays.com\/ee\/wp-json\/wp\/v2\/media?parent=123423"}],"wp:term":[{"taxonomy":"category","embeddable":true,"href":"https:\/\/www.europesays.com\/ee\/wp-json\/wp\/v2\/categories?post=123423"},{"taxonomy":"post_tag","embeddable":true,"href":"https:\/\/www.europesays.com\/ee\/wp-json\/wp\/v2\/tags?post=123423"}],"curies":[{"name":"wp","href":"https:\/\/api.w.org\/{rel}","templated":true}]}}