{"id":123806,"date":"2026-03-08T11:36:22","date_gmt":"2026-03-08T11:36:22","guid":{"rendered":"https:\/\/www.europesays.com\/ee\/123806\/"},"modified":"2026-03-08T11:36:22","modified_gmt":"2026-03-08T11:36:22","slug":"sappinen-flora-valmistumisest-enne-mangu-riietusruumis-meenutasime-kui-hea-on-novembris-karikat-tosta-frolov-potentsiaali-meil-on-soccernet-ee","status":"publish","type":"post","link":"https:\/\/www.europesays.com\/ee\/123806\/","title":{"rendered":"Sappinen Flora valmistumisest: enne m\u00e4ngu riietusruumis meenutasime, kui hea on novembris karikat t\u00f5sta (Frolov: potentsiaali meil on) &#8211; Soccernet.ee"},"content":{"rendered":"<p><img decoding=\"async\" src=\"https:\/\/www.europesays.com\/ee\/wp-content\/uploads\/2026\/03\/1772895359.jpg\" alt=\"Rauno Sappinen Premium liiga hooaja avam\u00e4ngus. Foto: Anna Andreas\"\/>&#13;\n<\/p>\n<p>Tallinna FC Flora alistas hooaja alustuseks FC N\u00f5mme Unitedi 3:0. R\u00fcndaja Rauno Sappinen ei tormanud seda nimetama ideaalseks alguseks, samal ajal kui Andre Frolov hindas, et n\u00f5mmekatel potentsiaali on.<\/p>\n<p>Tiitlikaitsja p\u00e4\u00e4ses m\u00e4ngu juhtima 6. minutil, kui palli saatis v\u00f5rku Rauno Sappinen. Avapoolaja l\u00f5pus saatis ta v\u00e4ravale Sander Alamaa. Teisel poolajal v\u00f5eti Sappinenilt teine tabamus k\u00e4ega m\u00e4ngu t\u00f5ttu \u00e4ra. &#8220;Kas just ideaalne, aga v\u00e4ga hea algus kindlasti. Ees l\u00f5ime kolm, taga null, kolm punkti,&#8221; r\u00f5\u00f5mustas Sappinen ETV \u00fclekandes.&#13;\n<\/p>\n<p>Ta j\u00e4tkas, et enne m\u00e4ngi haibiti mehed riietusruumis \u00fcles mitmete meenutustega. &#8220;Seal k\u00f5las tegelikult p\u00e4ris palju erilisi lauseid. Meenutati mingeid hetki eelmise hooaja l\u00f5pust ja eelmistest aastatest, et kui hea tunne on, kui saad novembris karika pea kohale t\u00f5sta,&#8221; avaldas ta.&#13;\n<\/p>\n<p>&#8220;K\u00f5ik uued mehed said v\u00e4ga h\u00e4sti hakkama ja ka k\u00f5ik teised, kes on siin juba enne olnud. Meeskondlikult oli v\u00e4ga-v\u00e4ga hea m\u00e4ng,&#8221; j\u00e4tkas Sappinen. &#8220;N\u00e4dala p\u00e4rast on revan\u0161ikoht &#8211; vaatame uuesti \u00fcle [N\u00f5mme] Kalju [FC] ja l\u00e4heb lahinguks!&#8221;<\/p>\n<p>0:3 kaotusega alustanud N\u00f5mme Unitedi kapten Andre Frolov \u00fclem\u00e4\u00e4ra morniks ei j\u00e4\u00e4nud. &#8220;Kaotus &#8211; selles suhtes mitte k\u00f5ige parem hooaja algus. Lootsime muidugi paremat, aga kahjuks t\u00e4na nii. Flora sai kiire v\u00e4rava k\u00e4tte. Nagu n\u00e4ha, m\u00f5lemal meeskonnal oli v\u00f5imalusi, aga Flora n\u00e4itas klassi ja l\u00f5i oma variandid \u00e4ra, meie ei suutnud. Kindlasti palju \u00f5ppematerjali, mida saame parandada, aga potentsiaali meil on.&#8221;&#13;\n<\/p>\n<p>Frolovi s\u00f5nul ei ole midagi kindlasti katki. &#8220;Ma ei arva, et kes m\u00e4ngu n\u00e4gid, n\u00e4gid seal midagi \u00f5udset. Meil on kindlasti v\u00e4ga hea meeskond. V\u00f5ib-olla t\u00f5esti esinelikut see aasta p\u00fc\u00fcdma ei hakka, aga tahame ka sealt punkte k\u00e4tte saada. V\u00e4ike samm on tehtud ja siit ainult \u00fclesm\u00e4ge,&#8221; julgustas Frolov.<\/p>\n","protected":false},"excerpt":{"rendered":"&#13; Tallinna FC Flora alistas hooaja alustuseks FC N\u00f5mme Unitedi 3:0. R\u00fcndaja Rauno Sappinen ei tormanud seda nimetama&hellip;\n","protected":false},"author":2,"featured_media":123807,"comment_status":"","ping_status":"","sticky":false,"template":"","format":"standard","meta":{"footnotes":"","_share_on_mastodon":"0"},"categories":[18],"tags":[14419,37,33,35,34,36,3971,163,14420,1813,5084,167,1145,1146,159,158,1465,2331],"class_list":["post-123806","post","type-post","status-publish","format-standard","has-post-thumbnail","category-sport","tag-andre-frolov","tag-ee","tag-eesti","tag-eesti-keel","tag-estonia","tag-estonian","tag-fc-nomme-united","tag-flora","tag-frolov","tag-nomme-united","tag-pl","tag-premium-liiga","tag-rauno-sappinen","tag-sappinen","tag-sport","tag-sports","tag-tallinna-fc-flora","tag-united"],"share_on_mastodon":{"url":"https:\/\/pubeurope.com\/@ee\/116193354268418016","error":""},"_links":{"self":[{"href":"https:\/\/www.europesays.com\/ee\/wp-json\/wp\/v2\/posts\/123806","targetHints":{"allow":["GET"]}}],"collection":[{"href":"https:\/\/www.europesays.com\/ee\/wp-json\/wp\/v2\/posts"}],"about":[{"href":"https:\/\/www.europesays.com\/ee\/wp-json\/wp\/v2\/types\/post"}],"author":[{"embeddable":true,"href":"https:\/\/www.europesays.com\/ee\/wp-json\/wp\/v2\/users\/2"}],"replies":[{"embeddable":true,"href":"https:\/\/www.europesays.com\/ee\/wp-json\/wp\/v2\/comments?post=123806"}],"version-history":[{"count":0,"href":"https:\/\/www.europesays.com\/ee\/wp-json\/wp\/v2\/posts\/123806\/revisions"}],"wp:featuredmedia":[{"embeddable":true,"href":"https:\/\/www.europesays.com\/ee\/wp-json\/wp\/v2\/media\/123807"}],"wp:attachment":[{"href":"https:\/\/www.europesays.com\/ee\/wp-json\/wp\/v2\/media?parent=123806"}],"wp:term":[{"taxonomy":"category","embeddable":true,"href":"https:\/\/www.europesays.com\/ee\/wp-json\/wp\/v2\/categories?post=123806"},{"taxonomy":"post_tag","embeddable":true,"href":"https:\/\/www.europesays.com\/ee\/wp-json\/wp\/v2\/tags?post=123806"}],"curies":[{"name":"wp","href":"https:\/\/api.w.org\/{rel}","templated":true}]}}