{"id":123865,"date":"2026-03-08T13:15:07","date_gmt":"2026-03-08T13:15:07","guid":{"rendered":"https:\/\/www.europesays.com\/ee\/123865\/"},"modified":"2026-03-08T13:15:07","modified_gmt":"2026-03-08T13:15:07","slug":"video-franco-colapinto-hea-reaktsioon-paastis-ta-suurest-avariist-ekspert-tal-olid-kassilikud-refleksid","status":"publish","type":"post","link":"https:\/\/www.europesays.com\/ee\/123865\/","title":{"rendered":"VIDEO | Franco Colapinto hea reaktsioon p\u00e4\u00e4stis ta suurest avariist. Ekspert: tal olid kassilikud refleksid"},"content":{"rendered":"<p>Colapinto alustas s\u00f5itu 16. positsioonil ning j\u00f5udis kaheksandalt positsioonilt startinud Lawsonile kiirest j\u00e4rele. Racing Bullsi s\u00f5itjal autol kadus aga stardi hetkel j\u00f5ud ning ta ei saanud masinat liikuma. Tagant tulnud Colapinto tegi kiire p\u00f5ike paremale, et v\u00e4ltida kokkup\u00f5rget nii Lawsoni kui ka raja seinaga.  <\/p>\n<p>\u201eStardis olime Liamiga v\u00e4ga l\u00e4hedal suurele avariile. Ta j\u00e4i stardiruudule kinni ja mul vedas v\u00e4ga, et sain esimesest ringist l\u00e4bi. Mul t\u00f5esti vedas v\u00e4ga,\u201c kommenteeris Colapinto olukorda. <\/p>\n<p>Endine vormel-1 s\u00f5itja Anthony Davidson ja 2009. aasta maailmameister Jenson Button kommenteerisid Colapinto napikat kokkup\u00f5rget Lawsoniga Sky Sportsi v\u00f5istlusj\u00e4rgses saates. <\/p>\n<p>\u201eVau, tal olid siin lausa kassilikud refleksid,\u201c \u00fctles Davidson. \u201eKui n\u00fc\u00fcd aegluubis vaadata, siis j\u00e4lgige, mida ta rooliga teeb. Kuidas tal \u00f5nnestus v\u00e4ltida nii tagaratast kui ka seina, on mulle arusaamatu. See on uskumatu. Ma v\u00f5iksin seda tuhat korda vaadata ja ikka ei saa \u00fcle.\u201c<\/p>\n<p>Davidson imestas, et sellises olukorras avariid ei juhtunud. \u201eMe k\u00f5ik ootasime, et m\u00f5nel tuleb kehv start, aga vau. Ta oli t\u00e4iesti pimestatud sellest, mis seal vaese Lawsoniga juhtus,\u201c lisas ta.<\/p>\n<p>Button lisas: \u201eK\u00f5ige h\u00e4mmastavam on see, et sa ei n\u00e4e seda enne, kui oled juba teise auto peal. Kuidas ta suutis nii kiiresti hoo maha v\u00f5tta? S\u00f5itja vaatepunktist ei saa ma aru, kuidas see v\u00f5imalik oli. See oli t\u00f5eliselt hirmutav. Loodetavasti on see viimane kord, kui midagi sellist n\u00e4eme.\u201c<\/p>\n<p>Colapinto l\u00f5petas s\u00f5idu 14. kohal, Lawson oli tema ees 13. Kaksikv\u00f5idu v\u00f5tsid Mercedese piloodid <a rel=\"noopener nofollow\" target=\"_blank\" href=\"https:\/\/www.delfi.ee\/teema\/89920371\/george-russell\" tag-id=\"89920371\">George Russell<\/a> ja Andrea Kimi Antonelli. <\/p>\n<p>J\u00e4rgmine vormel 1 GP s\u00f5idetakse n\u00e4dala p\u00e4rast Hiinas.<\/p>\n<p>Kuidas see lugu Sind end tundma pani? Saada <a href=\"https:\/\/sport.delfi.ee\/artikkel\/120440953\/video-franco-colapinto-hea-reaktsioon-paastis-ta-suurest-avariist-ekspert-tal-olid-kassilikud-refleksid\/kommentaarid\" class=\"article-body-bottom__comment article-body-bottom__comment--write button button--primary button--size-auto\" rel=\"nofollow noopener\" target=\"_blank\"> Kommenteeri <\/a><a href=\"https:\/\/sport.delfi.ee\/artikkel\/120440953\/video-franco-colapinto-hea-reaktsioon-paastis-ta-suurest-avariist-ekspert-tal-olid-kassilikud-refleksid\/kommentaarid\" class=\"article-body-bottom__comment article-body-bottom__comment--read button button--size-auto\" rel=\"nofollow noopener\" target=\"_blank\"> Loe kommentaare <\/a><\/p>\n","protected":false},"excerpt":{"rendered":"Colapinto alustas s\u00f5itu 16. positsioonil ning j\u00f5udis kaheksandalt positsioonilt startinud Lawsonile kiirest j\u00e4rele. Racing Bullsi s\u00f5itjal autol kadus&hellip;\n","protected":false},"author":2,"featured_media":123866,"comment_status":"","ping_status":"","sticky":false,"template":"","format":"standard","meta":{"footnotes":"","_share_on_mastodon":"0"},"categories":[18],"tags":[37,33,35,34,36,1165,1956,15040,159,158,4487],"class_list":["post-123865","post","type-post","status-publish","format-standard","has-post-thumbnail","category-sport","tag-ee","tag-eesti","tag-eesti-keel","tag-estonia","tag-estonian","tag-franco-colapinto","tag-george-russell","tag-liam-lawson","tag-sport","tag-sports","tag-vormel-1"],"share_on_mastodon":{"url":"https:\/\/pubeurope.com\/@ee\/116193743555669577","error":""},"_links":{"self":[{"href":"https:\/\/www.europesays.com\/ee\/wp-json\/wp\/v2\/posts\/123865","targetHints":{"allow":["GET"]}}],"collection":[{"href":"https:\/\/www.europesays.com\/ee\/wp-json\/wp\/v2\/posts"}],"about":[{"href":"https:\/\/www.europesays.com\/ee\/wp-json\/wp\/v2\/types\/post"}],"author":[{"embeddable":true,"href":"https:\/\/www.europesays.com\/ee\/wp-json\/wp\/v2\/users\/2"}],"replies":[{"embeddable":true,"href":"https:\/\/www.europesays.com\/ee\/wp-json\/wp\/v2\/comments?post=123865"}],"version-history":[{"count":0,"href":"https:\/\/www.europesays.com\/ee\/wp-json\/wp\/v2\/posts\/123865\/revisions"}],"wp:featuredmedia":[{"embeddable":true,"href":"https:\/\/www.europesays.com\/ee\/wp-json\/wp\/v2\/media\/123866"}],"wp:attachment":[{"href":"https:\/\/www.europesays.com\/ee\/wp-json\/wp\/v2\/media?parent=123865"}],"wp:term":[{"taxonomy":"category","embeddable":true,"href":"https:\/\/www.europesays.com\/ee\/wp-json\/wp\/v2\/categories?post=123865"},{"taxonomy":"post_tag","embeddable":true,"href":"https:\/\/www.europesays.com\/ee\/wp-json\/wp\/v2\/tags?post=123865"}],"curies":[{"name":"wp","href":"https:\/\/api.w.org\/{rel}","templated":true}]}}