{"id":123957,"date":"2026-03-08T15:40:09","date_gmt":"2026-03-08T15:40:09","guid":{"rendered":"https:\/\/www.europesays.com\/ee\/123957\/"},"modified":"2026-03-08T15:40:09","modified_gmt":"2026-03-08T15:40:09","slug":"toostuskoda-soovib-nakkushaiguste-puhuks-tooandjale-teavitussusteemi","status":"publish","type":"post","link":"https:\/\/www.europesays.com\/ee\/123957\/","title":{"rendered":"T\u00f6\u00f6stuskoda soovib nakkushaiguste puhuks t\u00f6\u00f6andjale teavituss\u00fcsteemi"},"content":{"rendered":"<p>Sotsiaalministeerium koostas nakkushaiguste ennetamise ja t\u00f5rje seaduse eeln\u00f5u, millega enne t\u00f6\u00f6le asumist kohustusliku nakkusohutuse tervisekontrolli sihtr\u00fchm kitseneb. Kehtiva korra j\u00e4rgi peab mitmel tegevusalal t\u00f6\u00f6andja n\u00f5udma t\u00f6\u00f6le asujalt terviset\u00f5endit nakkushaiguste suhtes tervisekontrolli l\u00e4bimise kohta. N\u00e4iteks tuleb seda n\u00f5uda kliendiga vahetult kokkupuutuvalt iluteenindajalt, toitu ja joogivett k\u00e4itlevalt t\u00f6\u00f6tajalt ning \u00f5petajalt.<\/p>\n","protected":false},"excerpt":{"rendered":"Sotsiaalministeerium koostas nakkushaiguste ennetamise ja t\u00f5rje seaduse eeln\u00f5u, millega enne t\u00f6\u00f6le asumist kohustusliku nakkusohutuse tervisekontrolli sihtr\u00fchm kitseneb. Kehtiva&hellip;\n","protected":false},"author":2,"featured_media":123958,"comment_status":"","ping_status":"","sticky":false,"template":"","format":"standard","meta":{"footnotes":"","_share_on_mastodon":"0"},"categories":[80],"tags":[57178,26,27,37,33,35,34,36,31,32,21,12085,28,29,95,19582,57180,19,25,1792,48897,6537,2160,57179,23,24,22,20,30,92,93,94],"class_list":["post-123957","post","type-post","status-publish","format-standard","has-post-thumbnail","category-maailm","tag-2028-aasta","tag-breaking-news","tag-breakingnews","tag-ee","tag-eesti","tag-eesti-keel","tag-estonia","tag-estonian","tag-featured-news","tag-featurednews","tag-headlines","tag-kaubandus-toostuskoda","tag-latest-news","tag-latestnews","tag-maailm","tag-nakkushaigus","tag-nakkusohutus","tag-news","tag-populaarseimad-lood","tag-sotsiaalministeerium","tag-tervisetoend","tag-toohoive","tag-tootaja","tag-tootamispiirang","tag-top-stories","tag-topstories","tag-uldised-uudised","tag-uudised","tag-viimased-uudised","tag-world","tag-world-news","tag-worldnews"],"share_on_mastodon":{"url":"https:\/\/pubeurope.com\/@ee\/116194313776091820","error":""},"_links":{"self":[{"href":"https:\/\/www.europesays.com\/ee\/wp-json\/wp\/v2\/posts\/123957","targetHints":{"allow":["GET"]}}],"collection":[{"href":"https:\/\/www.europesays.com\/ee\/wp-json\/wp\/v2\/posts"}],"about":[{"href":"https:\/\/www.europesays.com\/ee\/wp-json\/wp\/v2\/types\/post"}],"author":[{"embeddable":true,"href":"https:\/\/www.europesays.com\/ee\/wp-json\/wp\/v2\/users\/2"}],"replies":[{"embeddable":true,"href":"https:\/\/www.europesays.com\/ee\/wp-json\/wp\/v2\/comments?post=123957"}],"version-history":[{"count":0,"href":"https:\/\/www.europesays.com\/ee\/wp-json\/wp\/v2\/posts\/123957\/revisions"}],"wp:featuredmedia":[{"embeddable":true,"href":"https:\/\/www.europesays.com\/ee\/wp-json\/wp\/v2\/media\/123958"}],"wp:attachment":[{"href":"https:\/\/www.europesays.com\/ee\/wp-json\/wp\/v2\/media?parent=123957"}],"wp:term":[{"taxonomy":"category","embeddable":true,"href":"https:\/\/www.europesays.com\/ee\/wp-json\/wp\/v2\/categories?post=123957"},{"taxonomy":"post_tag","embeddable":true,"href":"https:\/\/www.europesays.com\/ee\/wp-json\/wp\/v2\/tags?post=123957"}],"curies":[{"name":"wp","href":"https:\/\/api.w.org\/{rel}","templated":true}]}}