{"id":124089,"date":"2026-03-08T18:58:07","date_gmt":"2026-03-08T18:58:07","guid":{"rendered":"https:\/\/www.europesays.com\/ee\/124089\/"},"modified":"2026-03-08T18:58:07","modified_gmt":"2026-03-08T18:58:07","slug":"norra-politsei-hinnangul-vois-usa-saatkonna-plahvatusel-olla-terroristlik-ajend","status":"publish","type":"post","link":"https:\/\/www.europesays.com\/ee\/124089\/","title":{"rendered":"Norra politsei hinnangul v\u00f5is USA saatkonna plahvatusel olla terroristlik ajend"},"content":{"rendered":"<p>Norra politsei teatas p\u00fchap\u00e4eval, et \u00f6\u00f6sel Oslos USA saatkonna juures k\u00e4rgatanud plahvatus, mis ei p\u00f5hjustanud vigastusi ja tekitas vaid v\u00e4ikest materiaalset kahju, v\u00f5is olla terroriakt.<\/p>\n<p>Politsei ei avaldanud \u00fcksikasju umbes kell 1.00 \u00f6\u00f6sel (Eesti aja j\u00e4rgi kell 2.00) saatkonna konsulaarosakonna sissep\u00e4\u00e4su juures toimunud plahvatuse p\u00f5hjuse kohta, \u00f6eldes vaid, et kasutati l\u00f5hkeseadeldist.<\/p>\n","protected":false},"excerpt":{"rendered":"Norra politsei teatas p\u00fchap\u00e4eval, et \u00f6\u00f6sel Oslos USA saatkonna juures k\u00e4rgatanud plahvatus, mis ei p\u00f5hjustanud vigastusi ja tekitas&hellip;\n","protected":false},"author":2,"featured_media":124090,"comment_status":"","ping_status":"","sticky":false,"template":"","format":"standard","meta":{"footnotes":"","_share_on_mastodon":"0"},"categories":[80],"tags":[587,26,27,37,33,35,49972,34,36,31,32,21,55505,28,29,36408,95,19,1437,57235,4164,57233,25,23,24,57236,22,20,30,57234,92,93,94],"class_list":["post-124089","post","type-post","status-publish","format-standard","has-post-thumbnail","category-maailm","tag-ameerika-uhendriigid","tag-breaking-news","tag-breakingnews","tag-ee","tag-eesti","tag-eesti-keel","tag-espen-barth-eide","tag-estonia","tag-estonian","tag-featured-news","tag-featurednews","tag-headlines","tag-lahis-ida-soda","tag-latest-news","tag-latestnews","tag-lohkeseadeldis","tag-maailm","tag-news","tag-norra","tag-norra-kaitsepolitsei-pst","tag-norra-politsei","tag-plahvatus-oslos","tag-populaarseimad-lood","tag-top-stories","tag-topstories","tag-turvameetmed-usa-saatkondades","tag-uldised-uudised","tag-uudised","tag-viimased-uudised","tag-voimalik-terroriakt","tag-world","tag-world-news","tag-worldnews"],"share_on_mastodon":{"url":"","error":"Validation failed: Text character limit of 500 exceeded"},"_links":{"self":[{"href":"https:\/\/www.europesays.com\/ee\/wp-json\/wp\/v2\/posts\/124089","targetHints":{"allow":["GET"]}}],"collection":[{"href":"https:\/\/www.europesays.com\/ee\/wp-json\/wp\/v2\/posts"}],"about":[{"href":"https:\/\/www.europesays.com\/ee\/wp-json\/wp\/v2\/types\/post"}],"author":[{"embeddable":true,"href":"https:\/\/www.europesays.com\/ee\/wp-json\/wp\/v2\/users\/2"}],"replies":[{"embeddable":true,"href":"https:\/\/www.europesays.com\/ee\/wp-json\/wp\/v2\/comments?post=124089"}],"version-history":[{"count":0,"href":"https:\/\/www.europesays.com\/ee\/wp-json\/wp\/v2\/posts\/124089\/revisions"}],"wp:featuredmedia":[{"embeddable":true,"href":"https:\/\/www.europesays.com\/ee\/wp-json\/wp\/v2\/media\/124090"}],"wp:attachment":[{"href":"https:\/\/www.europesays.com\/ee\/wp-json\/wp\/v2\/media?parent=124089"}],"wp:term":[{"taxonomy":"category","embeddable":true,"href":"https:\/\/www.europesays.com\/ee\/wp-json\/wp\/v2\/categories?post=124089"},{"taxonomy":"post_tag","embeddable":true,"href":"https:\/\/www.europesays.com\/ee\/wp-json\/wp\/v2\/tags?post=124089"}],"curies":[{"name":"wp","href":"https:\/\/api.w.org\/{rel}","templated":true}]}}