{"id":124105,"date":"2026-03-08T19:22:09","date_gmt":"2026-03-08T19:22:09","guid":{"rendered":"https:\/\/www.europesays.com\/ee\/124105\/"},"modified":"2026-03-08T19:22:09","modified_gmt":"2026-03-08T19:22:09","slug":"eelmise-f1-aasta-kaks-paremat-jaid-hooaja-avaetapil-tipust-kaugele-ja-hakkasid-virisema-postimees-sport","status":"publish","type":"post","link":"https:\/\/www.europesays.com\/ee\/124105\/","title":{"rendered":"Eelmise F1 aasta kaks paremat j\u00e4id hooaja avaetapil tipust kaugele ja hakkasid virisema &#8211; Postimees Sport"},"content":{"rendered":"<ol>\n<li><a href=\"https:\/\/news.google.com\/rss\/articles\/CBMivwFBVV95cUxNSGdIUU9lY3NyakpQVVhHR0hxeVJOeHVhY1A3WmhOaTRaWWQ4SkxZYTV4Q0ZvTjc4WmZkenpzTUdGbGVrb1MzazRHcW1HcjRqRHp0M0FrdGZaWkctRjJoU09PdE1LOWxITUkzYW8xZVJwWU1qWkFibERydDRUMGljbFRabWtSMXMzakJhLTUxSDJMRmxxN1JPYXZGQ2ZqV1pYek1pbnExT3Z0bnFCX0REd0F1MnNpckozTUE3bV9yVQ?oc=5\" target=\"_blank\" rel=\"nofollow noopener\">Eelmise F1 aasta kaks paremat j\u00e4id hooaja avaetapil tipust kaugele ja hakkasid virisema<\/a>&nbsp;&nbsp;Postimees Sport<\/li>\n<li><a href=\"https:\/\/news.google.com\/rss\/articles\/CBMilwFBVV95cUxNYW1jNUdIZmFYNlZaN0MySzFxbWdWdHBaZFEybkgySW10RjNSX05ybWpDQmRIbTRrbHhOaFg2QjNkc0FxZnl5R1dNMUlmWGt6QmI1S0ttVTJ3TVRhTmJUZTQyZ3JiY2g0MTQ3SzJWOVQ5YURrNXZSXzlIVFBodUtpSV9OSTNYc3JRVG5PeWxFRW8tXzY0TVJv?oc=5\" target=\"_blank\" rel=\"nofollow noopener\">F1 s\u00f5itjad kohanesid esimestel treeningutel uute mootoritega<\/a>&nbsp;&nbsp;sport | ERR<\/li>\n<li><a href=\"https:\/\/news.google.com\/rss\/articles\/CBMimgFBVV95cUxPOWJOSl9zUlRmdEhzaExUb2ZQakYtYU9HYUQ2QW93QTBLdHhxV3VIVXBqSVN2LXozdTJObUx3Z1lPTFo5Uy1Pd3RoU2R6ckQxdzM2SXBHY19ablVPdW11SFpscFFIUnpBTU9sZkhjZkxldWVYNUh3aktLb1NkQkZySzBZazk2cThDeDU0ajNrNUdzaWJqYWw4R3ln?oc=5\" target=\"_blank\" rel=\"nofollow noopener\">F1 EKSPERT \u27e9 Paul Aroni t\u00f6\u00f6andjat Alpine\u2019i tabas halb deja vu<\/a>&nbsp;&nbsp;Postimees Sport<\/li>\n<li><a href=\"https:\/\/news.google.com\/rss\/articles\/CBMiuwFBVV95cUxQVFBDZ1BLRjFmNWJFQUtGcnFtRDBTUTZib0ZHZG1EbVhSZnRLY0VReGZucTZ0eTF4SDZEaGMxNUd0OVVYUi0zeEVYSFRNdW1SRmRWRlFJZ1B4dTVHM0h5M2NMdUpSRFNQeXdsRVJ5ZjlzQjhyckhSM3RTR3pHUy1tT2Zqc3k1YmtBTEhwNjdBT3B2dXR6bjZTVTVkdXFLdjFMajVEU0dOdmZ4YldCMlcwekJZV0lhajNTbEY4?oc=5\" target=\"_blank\" rel=\"nofollow noopener\">Mercedesed n\u00e4itasid F1 uue ajastu avaetapil v\u00f5imu, Piastri starti ei j\u00f5udnudki<\/a>&nbsp;&nbsp;Delfi Sport<\/li>\n<li><a href=\"https:\/\/news.google.com\/rss\/articles\/CBMiP0FVX3lxTE9VSnBFRGNQX3pwRVV5QzJaOE9rSnNRTlo2X2pGRVQ3Y2kzMEotdVNOTDZtdUJBU21fSlcyNHRIOA?oc=5\" target=\"_blank\" rel=\"nofollow noopener\">Vormel-1 hooaeg algas Mercedese kaksikv\u00f5iduga, Piastri katkestas soojendusringil<\/a>&nbsp;&nbsp;Uudis.net<\/li>\n<\/ol>\n","protected":false},"excerpt":{"rendered":"Eelmise F1 aasta kaks paremat j\u00e4id hooaja avaetapil tipust kaugele ja hakkasid virisema&nbsp;&nbsp;Postimees Sport F1 s\u00f5itjad kohanesid esimestel&hellip;\n","protected":false},"author":2,"featured_media":124106,"comment_status":"","ping_status":"","sticky":false,"template":"","format":"standard","meta":{"footnotes":"","_share_on_mastodon":"0"},"categories":[5],"tags":[26,27,37,33,35,34,36,31,32,7596,21,326,27417,28,29,7595,19,27211,25,23,24,22,20,27212,30],"class_list":["post-124105","post","type-post","status-publish","format-standard","has-post-thumbnail","category-uldised-uudised","tag-breaking-news","tag-breakingnews","tag-ee","tag-eesti","tag-eesti-keel","tag-estonia","tag-estonian","tag-featured-news","tag-featurednews","tag-ferrari","tag-headlines","tag-hiina","tag-hollandi","tag-latest-news","tag-latestnews","tag-mercedes","tag-news","tag-norris","tag-populaarseimad-lood","tag-top-stories","tag-topstories","tag-uldised-uudised","tag-uudised","tag-verstappen","tag-viimased-uudised"],"share_on_mastodon":{"url":"https:\/\/pubeurope.com\/@ee\/116195186643159857","error":""},"_links":{"self":[{"href":"https:\/\/www.europesays.com\/ee\/wp-json\/wp\/v2\/posts\/124105","targetHints":{"allow":["GET"]}}],"collection":[{"href":"https:\/\/www.europesays.com\/ee\/wp-json\/wp\/v2\/posts"}],"about":[{"href":"https:\/\/www.europesays.com\/ee\/wp-json\/wp\/v2\/types\/post"}],"author":[{"embeddable":true,"href":"https:\/\/www.europesays.com\/ee\/wp-json\/wp\/v2\/users\/2"}],"replies":[{"embeddable":true,"href":"https:\/\/www.europesays.com\/ee\/wp-json\/wp\/v2\/comments?post=124105"}],"version-history":[{"count":0,"href":"https:\/\/www.europesays.com\/ee\/wp-json\/wp\/v2\/posts\/124105\/revisions"}],"wp:featuredmedia":[{"embeddable":true,"href":"https:\/\/www.europesays.com\/ee\/wp-json\/wp\/v2\/media\/124106"}],"wp:attachment":[{"href":"https:\/\/www.europesays.com\/ee\/wp-json\/wp\/v2\/media?parent=124105"}],"wp:term":[{"taxonomy":"category","embeddable":true,"href":"https:\/\/www.europesays.com\/ee\/wp-json\/wp\/v2\/categories?post=124105"},{"taxonomy":"post_tag","embeddable":true,"href":"https:\/\/www.europesays.com\/ee\/wp-json\/wp\/v2\/tags?post=124105"}],"curies":[{"name":"wp","href":"https:\/\/api.w.org\/{rel}","templated":true}]}}