{"id":124157,"date":"2026-03-08T21:19:08","date_gmt":"2026-03-08T21:19:08","guid":{"rendered":"https:\/\/www.europesays.com\/ee\/124157\/"},"modified":"2026-03-08T21:19:08","modified_gmt":"2026-03-08T21:19:08","slug":"selgusid-vabavoitlejad-kes-hakkavad-trumpi-sunnipaeval-valge-maja-ees-kahmlema","status":"publish","type":"post","link":"https:\/\/www.europesays.com\/ee\/124157\/","title":{"rendered":"Selgusid vabav\u00f5itlejad, kes hakkavad Trumpi s\u00fcnnip\u00e4eval Valge Maja ees k\u00e4hmlema"},"content":{"rendered":"<p>UFC korraldab 14. juulil, mil Trump t\u00e4histab oma uhket juubelit, Valge Maja murul \u00fcrituse, kus tulevad v\u00f5istlema erinevad vabav\u00f5itlejad ning mis kannab nime \u00abUFC Freedom 250\u00bb. \u00dchtlasi t\u00e4histatakse samal \u00fcritusel ka riigi iseseisvusp\u00e4eva.<\/p>\n<p>Valge Maja on varem korraldanud spordi\u00fcritusi, kuid UFC oma on esimene professionaalne spordi\u00fcritus, mis on Washingtonis asuva hoone territooriumil toimunud.<\/p>\n<p>14. juuli v\u00f5istlus\u00f5htu<\/p>\n<p>Kergkaalu tiitliv\u00f6\u00f6 eest v\u00f5itlevad grusiin Ilia Topuria ja ameeriklane Justin Gaethje.<\/p>\n<p>Raskekaaluklassi vahetiitli p\u00e4rast k\u00e4hmlevad brasiillane Alex Pereira ja prantslane Ciryl Gane.<\/p>\n<p>\u00dclej\u00e4\u00e4nud mat\u0161id:<\/p>\n<ul>\n<li data-list-item-id=\"ea8c3d7022c48792b703d08aa45d27b08\">Ameeriklane Sean O&#8217;Malley l\u00e4heb vastamisi kanadalase Aiemann Zahabiga<\/li>\n<li data-list-item-id=\"e5c260b970c45f7d9e08089d46f4f0e82\">Ameeriklane Michael Chandler madistab brasiillase Mauricio Ruffyga<\/li>\n<li data-list-item-id=\"e37bd732ae95ea53571fe6a527e401da3\">Ameeriklane Steve Garcia kohtub brasiillase Diego Lopesega.<\/li>\n<li data-list-item-id=\"e7bdee261593fc01653ec8f327182db8b\">Ameeriklased Bo Nickal ja Kyle Daukas l\u00e4hevad omavahel vastamisi.<\/li>\n<\/ul>\n<p>UFC president Dana White, kes on Trumpi suur toetaja, katab korralduslikud kulud ise, mis ulatuvad 52 miljoni euroni. White\u2019i s\u00f5nul p\u00e4\u00e4seb Valge Maja v\u00f5itlus\u00f5htule t\u00f5en\u00e4oliselt alla 5000 pealtvaataja.<\/p>\n","protected":false},"excerpt":{"rendered":"UFC korraldab 14. juulil, mil Trump t\u00e4histab oma uhket juubelit, Valge Maja murul \u00fcrituse, kus tulevad v\u00f5istlema erinevad&hellip;\n","protected":false},"author":2,"featured_media":124158,"comment_status":"","ping_status":"","sticky":false,"template":"","format":"standard","meta":{"footnotes":"","_share_on_mastodon":"0"},"categories":[18],"tags":[8656,324,37,33,35,34,36,159,158,8056,1900],"class_list":["post-124157","post","type-post","status-publish","format-standard","has-post-thumbnail","category-sport","tag-dana-white","tag-donald-trump","tag-ee","tag-eesti","tag-eesti-keel","tag-estonia","tag-estonian","tag-sport","tag-sports","tag-ufc","tag-valge-maja"],"share_on_mastodon":{"url":"https:\/\/pubeurope.com\/@ee\/116195646690074266","error":""},"_links":{"self":[{"href":"https:\/\/www.europesays.com\/ee\/wp-json\/wp\/v2\/posts\/124157","targetHints":{"allow":["GET"]}}],"collection":[{"href":"https:\/\/www.europesays.com\/ee\/wp-json\/wp\/v2\/posts"}],"about":[{"href":"https:\/\/www.europesays.com\/ee\/wp-json\/wp\/v2\/types\/post"}],"author":[{"embeddable":true,"href":"https:\/\/www.europesays.com\/ee\/wp-json\/wp\/v2\/users\/2"}],"replies":[{"embeddable":true,"href":"https:\/\/www.europesays.com\/ee\/wp-json\/wp\/v2\/comments?post=124157"}],"version-history":[{"count":0,"href":"https:\/\/www.europesays.com\/ee\/wp-json\/wp\/v2\/posts\/124157\/revisions"}],"wp:featuredmedia":[{"embeddable":true,"href":"https:\/\/www.europesays.com\/ee\/wp-json\/wp\/v2\/media\/124158"}],"wp:attachment":[{"href":"https:\/\/www.europesays.com\/ee\/wp-json\/wp\/v2\/media?parent=124157"}],"wp:term":[{"taxonomy":"category","embeddable":true,"href":"https:\/\/www.europesays.com\/ee\/wp-json\/wp\/v2\/categories?post=124157"},{"taxonomy":"post_tag","embeddable":true,"href":"https:\/\/www.europesays.com\/ee\/wp-json\/wp\/v2\/tags?post=124157"}],"curies":[{"name":"wp","href":"https:\/\/api.w.org\/{rel}","templated":true}]}}