{"id":124210,"date":"2026-03-08T23:09:12","date_gmt":"2026-03-08T23:09:12","guid":{"rendered":"https:\/\/www.europesays.com\/ee\/124210\/"},"modified":"2026-03-08T23:09:12","modified_gmt":"2026-03-08T23:09:12","slug":"18-aastat-oodanud-villarreal-pusib-suure-eesmargi-kursil-betis-koperdas-jalle-soccernet-ee","status":"publish","type":"post","link":"https:\/\/www.europesays.com\/ee\/124210\/","title":{"rendered":"18 aastat oodanud Villarreal p\u00fcsib suure eesm\u00e4rgi kursil (Betis koperdas j\u00e4lle) &#8211; Soccernet.ee"},"content":{"rendered":"<p><img decoding=\"async\" src=\"https:\/\/www.europesays.com\/ee\/wp-content\/uploads\/2026\/03\/1772993671.jpg\" alt=\"Villarreal jahib La Ligas pronksi. Foto: Scanpix \/ Jose Jordan \/ AFP\"\/>&#13;\n<\/p>\n<p>Hispaania k\u00f5rgliigas k\u00e4ib pingeline heitlus meistritiitli ja kolmanda koha nimel. Kui meistritiitli selgitavad suure t\u00f5en\u00e4osusega Barcelona ja Real Madrid, siis pronksi Atletico Madrid v\u00f5i Villarreal.\u00a0<\/p>\n<p>Kui Atletico on alates Diego Simeone ametiajast ehk hooajast 2011\/2012 j\u00e4\u00e4nud esikolmikust v\u00e4lja vaid kaks korda, siis nende t\u00e4navune konkurent Villarreal on selle aja jooksul 14 korda vahetanud peatreenerit, aga pole kordagi medalikohale j\u00f5udnud. Korra langeti isegi La Ligast v\u00e4lja, aga t\u00f5usti esimesel katsel tagasi.&#13;\n<\/p>\n<p>Villarreal saavutas viimati La Ligas medali hooajal 2007\/2008, kui l\u00f5petati Manuel Pellegrini juhendamisel kahe suure vahel ehk Real Madridi j\u00e4rel ja Barcelona ees teisel kohal. See on \u00fchtlasi Villarreali ajaloo k\u00f5rgeim koht La Ligas, kolm hooaega varem saadi Pellegrini k\u00e4e kolmas koht.&#13;\n<\/p>\n<p>Kas 18-aastane medaliootus La Ligas saab t\u00e4navu Marcelino k\u00e4e all l\u00e4bi? Villarreal kaotas eelmisel n\u00e4dalal v\u00f5\u00f5rsil 1:4 Barcelonale, aga naasis n\u00e4dal aega hiljem v\u00f5idurajale, alistades kodus 2:1 Elche. Tajon Buchanan ja Santiago Mourino viisid Villarreali esimesel poolajal kahe v\u00e4ravaga juhtima. Andre Silva l\u00f5i k\u00fcmmekond minutit enne m\u00e4ngu l\u00f5ppu Elche eest \u00fche v\u00e4rava vastu, aga see ei muutnud suures plaanis midagi, sest Villarreal hoidis eduseisust kinni.<\/p>\n<blockquote class=\"twitter-tweet\"><p>&#13;<\/p>\n<p lang=\"en\" dir=\"ltr\">3 &#8211; Villarreal&#8217;s Pape Gueye has been involved in a goal in each of his last three LaLiga matches (two goals and one assist), one more than in his previous 17 games in the competition (one goal and one assist). Appearance. <a href=\"https:\/\/t.co\/Cpy8XOPAPY\" rel=\"nofollow\">pic.twitter.com\/Cpy8XOPAPY<\/a>&#13;<br \/>\n\u2014 OptaJose (@OptaJose) <a href=\"https:\/\/twitter.com\/OptaJose\/status\/2030654679290405217?ref_src=twsrc%5Etfw\" rel=\"nofollow noopener\" target=\"_blank\">March 8, 2026<\/a><\/p>\n<\/blockquote>\n<p>Kolmanda koha nimel heitlevad Atletico ja Villarreal on 27 vooruga kogunud v\u00f5rdselt 54 punkti, aga Atletico asub praegu tabelis k\u00f5rgemal, sest v\u00f5itis hooaja alguses esimese omavahelise m\u00e4ngu 2:0. Teine omavaheline liigam\u00e4ng toimub hooaja viimases voorus Villarreali koduv\u00e4ljakul.&#13;\n<\/p>\n<p>Atletico ja Villarreal suurendasid sel n\u00e4dalavahetusel edu l\u00e4hima j\u00e4litaja ees 11-punktiliseks, sest viiendal kohal olev Real Betis kaotas v\u00f5\u00f5rsil 0:2\u00a0Getafele. M\u00f5lemad v\u00e4ravad l\u00f6\u00f6di esimesel poolajal, kui skoori avas Kiko Femenia ja l\u00f5ppseisu vormistas\u00a0Martin Satriano. Seejuures on Betis n\u00fc\u00fcd v\u00f5iduta juba kolm liigam\u00e4ngu j\u00e4rjest.&#13;\n<\/p>\n<p>Hispaania k\u00f5rgliigas on praegu kaks meeskonda, kes on viis m\u00e4ngu j\u00e4rjest olnud kaotuseta &#8211; Rayo Vallecano ja Sevilla. Omavahelises m\u00e4ngus lepiti 1:1 viiki, kui Sevilla r\u00fcndaja Akor Adamsi varajasele juhtv\u00e4ravale vastas teise poolaja alguses Vallecano kaitsja Alfonso Espino. Sevilla ridades s\u00e4ras v\u00e4ravas\u00f6\u00f6duga 36-aastane pikaaegne Chelsea kaitsja Cesar Azpilicueta. Vallecano paikneb tabelis 13. ja Sevilla 14. kohal.&#13;\n<\/p>\n<p>Vallecano ja Sevilla ette t\u00f5usis tabelis Valencia, kes sai kodus dramaatilise 3:2 v\u00f5idu Deportivo Alavesi \u00fcle. Valencia ronis kaks korda kaotusseisust v\u00e4lja ja Hugo Duro l\u00f5i 90+9. minutil penaltist v\u00f5\u00f5rustajate v\u00f5iduv\u00e4rava. Enne seda said Alavesi ridades punase kaardi nii Jon Pacheco kui ka Ander Guevara.&#13;\n<\/p>\n<p>          <script async src=\"https:\/\/platform.twitter.com\/widgets.js\" charset=\"utf-8\"><\/script><\/p>\n","protected":false},"excerpt":{"rendered":"&#13; Hispaania k\u00f5rgliigas k\u00e4ib pingeline heitlus meistritiitli ja kolmanda koha nimel. Kui meistritiitli selgitavad suure t\u00f5en\u00e4osusega Barcelona ja&hellip;\n","protected":false},"author":2,"featured_media":124211,"comment_status":"","ping_status":"","sticky":false,"template":"","format":"standard","meta":{"footnotes":"","_share_on_mastodon":"0"},"categories":[18],"tags":[1739,1740,37,33,35,1743,34,36,1744,110,3330,3684,159,158,1140],"class_list":["post-124210","post","type-post","status-publish","format-standard","has-post-thumbnail","category-sport","tag-atletico","tag-atletico-madrid","tag-ee","tag-eesti","tag-eesti-keel","tag-elche","tag-estonia","tag-estonian","tag-getafe","tag-hispaania","tag-hispaania-korgliiga","tag-real-betis","tag-sport","tag-sports","tag-villarreal"],"share_on_mastodon":{"url":"https:\/\/pubeurope.com\/@ee\/116196079440748266","error":""},"_links":{"self":[{"href":"https:\/\/www.europesays.com\/ee\/wp-json\/wp\/v2\/posts\/124210","targetHints":{"allow":["GET"]}}],"collection":[{"href":"https:\/\/www.europesays.com\/ee\/wp-json\/wp\/v2\/posts"}],"about":[{"href":"https:\/\/www.europesays.com\/ee\/wp-json\/wp\/v2\/types\/post"}],"author":[{"embeddable":true,"href":"https:\/\/www.europesays.com\/ee\/wp-json\/wp\/v2\/users\/2"}],"replies":[{"embeddable":true,"href":"https:\/\/www.europesays.com\/ee\/wp-json\/wp\/v2\/comments?post=124210"}],"version-history":[{"count":0,"href":"https:\/\/www.europesays.com\/ee\/wp-json\/wp\/v2\/posts\/124210\/revisions"}],"wp:featuredmedia":[{"embeddable":true,"href":"https:\/\/www.europesays.com\/ee\/wp-json\/wp\/v2\/media\/124211"}],"wp:attachment":[{"href":"https:\/\/www.europesays.com\/ee\/wp-json\/wp\/v2\/media?parent=124210"}],"wp:term":[{"taxonomy":"category","embeddable":true,"href":"https:\/\/www.europesays.com\/ee\/wp-json\/wp\/v2\/categories?post=124210"},{"taxonomy":"post_tag","embeddable":true,"href":"https:\/\/www.europesays.com\/ee\/wp-json\/wp\/v2\/tags?post=124210"}],"curies":[{"name":"wp","href":"https:\/\/api.w.org\/{rel}","templated":true}]}}