{"id":124447,"date":"2026-03-09T09:25:08","date_gmt":"2026-03-09T09:25:08","guid":{"rendered":"https:\/\/www.europesays.com\/ee\/124447\/"},"modified":"2026-03-09T09:25:08","modified_gmt":"2026-03-09T09:25:08","slug":"klops-julge-valik-madonna-tutar-ilmus-seltskonda-labipaistvas-kleidis","status":"publish","type":"post","link":"https:\/\/www.europesays.com\/ee\/124447\/","title":{"rendered":"KL\u00d5PS | Julge valik! Madonna t\u00fctar ilmus seltskonda l\u00e4bipaistvas kleidis"},"content":{"rendered":"<p>L\u00e4inud p\u00fchap\u00e4eval p\u00fc\u00fcdis tantsija ja laulja Lourdes Leon (29) k\u00f5igi pilke Pariisi moen\u00e4dala raames toimunud Ottolingeri s\u00f5ul. Lourdes kandis moe\u00fcritusel tumedat l\u00e4bipaistvat kleiti, mis paljastas tema rinnad. \u00d5lgadele s\u00e4titud jakk suurt midagi ei katnud. Lisaks kumasid mustrilise liibuva kleidi alt v\u00e4lja ka tema tumedad alusp\u00fcksid. <\/p>\n<p>Riskantse riietuse juurde kombineeris Lourdes v\u00f5rdlemisi tagasihoidlikud aksessuaarid: musta koti ning samas toonis kontsakingad. Tema juuksed olid s\u00e4titud lokisoengusse ning jumestus oli veatu. Samuti olid tema huuled roosaks v\u00f5\u00f5batud.<\/p>\n<p>Lourdes Leon on tunnistanud, et n\u00e4ppab riidevalikuid alatasa just ema Madonna (67) kapist, vahendab E Online.<\/p>\n<p>Tegu pole esimese korraga, mil Lourdes n\u00f5nda alasti punase vaiba \u00fcritusele ilmub. Ka mullu jaanuaris kandis ta Pariisi moen\u00e4dalal l\u00e4bipaistvat p\u00fckskost\u00fc\u00fcmi, mis kuigi palju kujutlusv\u00f5imele ruumi ei j\u00e4tnud. Oma p\u00fckskost\u00fc\u00fcmi alla sobitas Lourdes mustad stringid, kuid rinnahoidjat ta selga ei pannud, mist\u00f5ttu paljastas ta oma rinnapartii fotograafide ees. K\u00fcll oli ta oma keha katmiseks selga pannud musta pika mantli.<\/p>\n<p><a href=\"http:\/\/kroonika.delfi.ee\/artikkel\/120353357\/kuum-foto-kehakumerused-valla-madonna-tutar-lourdes-paljastas-pariisi-moenadalal-oma-rinnad#dalrel-in-article\" class=\"content-embedded-articles-single__embedded-article\" data-v-469265ed=\"\" rel=\"nofollow noopener\" target=\"_blank\"><\/p>\n<p> 29.01.2025 <\/p>\n<p> KUUM FOTO | Kehakumerused valla! Madonna t\u00fctar Lourdes paljastas Pariisi moen\u00e4dalal oma rinnad  (37) <\/p>\n<p><\/a><\/p>\n<p>Lourdes Leon on Madonna vanim bioloogiline laps. Madonna on veel ilmale toonud ka Rocco Ritchie (25), lisaks kasvavad peres neli lapsendatud last \u2013 David Banda, Mercy James ning kaksikud Stella ja Estere.<\/p>\n<p><img decoding=\"async\" src=\"https:\/\/www.europesays.com\/ee\/wp-content\/uploads\/2026\/03\/d177a820-2da0-11ec-b093-d5540d04deb2.jpg\" loading=\"lazy\" alt=\"Lourdes Leon Madonnaga 2011. aastal.\"\/>Kuidas see lugu Sind end tundma pani? Saada <a href=\"https:\/\/kroonika.delfi.ee\/artikkel\/120441039\/klops-julge-valik-madonna-tutar-ilmus-seltskonda-labipaistvas-kleidis\/kommentaarid\" class=\"article-body-bottom__comment article-body-bottom__comment--write button button--primary button--size-auto\" rel=\"nofollow noopener\" target=\"_blank\"> Kommenteeri <\/a><a href=\"https:\/\/kroonika.delfi.ee\/artikkel\/120441039\/klops-julge-valik-madonna-tutar-ilmus-seltskonda-labipaistvas-kleidis\/kommentaarid\" class=\"article-body-bottom__comment article-body-bottom__comment--read button button--size-auto\" rel=\"nofollow noopener\" target=\"_blank\"> Loe kommentaare (7)<\/a><\/p>\n","protected":false},"excerpt":{"rendered":"L\u00e4inud p\u00fchap\u00e4eval p\u00fc\u00fcdis tantsija ja laulja Lourdes Leon (29) k\u00f5igi pilke Pariisi moen\u00e4dala raames toimunud Ottolingeri s\u00f5ul. Lourdes&hellip;\n","protected":false},"author":2,"featured_media":124448,"comment_status":"","ping_status":"","sticky":false,"template":"","format":"standard","meta":{"footnotes":"","_share_on_mastodon":"0"},"categories":[16],"tags":[37,33,35,173,34,36,57361,7714,140],"class_list":["post-124447","post","type-post","status-publish","format-standard","has-post-thumbnail","category-meelelahutus","tag-ee","tag-eesti","tag-eesti-keel","tag-entertainment","tag-estonia","tag-estonian","tag-lourdes-leon","tag-madonna","tag-meelelahutus"],"share_on_mastodon":{"url":"https:\/\/pubeurope.com\/@ee\/116198501550110320","error":""},"_links":{"self":[{"href":"https:\/\/www.europesays.com\/ee\/wp-json\/wp\/v2\/posts\/124447","targetHints":{"allow":["GET"]}}],"collection":[{"href":"https:\/\/www.europesays.com\/ee\/wp-json\/wp\/v2\/posts"}],"about":[{"href":"https:\/\/www.europesays.com\/ee\/wp-json\/wp\/v2\/types\/post"}],"author":[{"embeddable":true,"href":"https:\/\/www.europesays.com\/ee\/wp-json\/wp\/v2\/users\/2"}],"replies":[{"embeddable":true,"href":"https:\/\/www.europesays.com\/ee\/wp-json\/wp\/v2\/comments?post=124447"}],"version-history":[{"count":0,"href":"https:\/\/www.europesays.com\/ee\/wp-json\/wp\/v2\/posts\/124447\/revisions"}],"wp:featuredmedia":[{"embeddable":true,"href":"https:\/\/www.europesays.com\/ee\/wp-json\/wp\/v2\/media\/124448"}],"wp:attachment":[{"href":"https:\/\/www.europesays.com\/ee\/wp-json\/wp\/v2\/media?parent=124447"}],"wp:term":[{"taxonomy":"category","embeddable":true,"href":"https:\/\/www.europesays.com\/ee\/wp-json\/wp\/v2\/categories?post=124447"},{"taxonomy":"post_tag","embeddable":true,"href":"https:\/\/www.europesays.com\/ee\/wp-json\/wp\/v2\/tags?post=124447"}],"curies":[{"name":"wp","href":"https:\/\/api.w.org\/{rel}","templated":true}]}}