{"id":124584,"date":"2026-03-09T11:52:21","date_gmt":"2026-03-09T11:52:21","guid":{"rendered":"https:\/\/www.europesays.com\/ee\/124584\/"},"modified":"2026-03-09T11:52:21","modified_gmt":"2026-03-09T11:52:21","slug":"pensionipaev-2026-pensionitarkusele-suunatud-konverents-juba-sel-neljapaeval","status":"publish","type":"post","link":"https:\/\/www.europesays.com\/ee\/124584\/","title":{"rendered":"Pensionip\u00e4ev 2026: pensionitarkusele suunatud konverents juba sel neljap\u00e4eval"},"content":{"rendered":"<p>        <img width=\"1070\" height=\"601\" src=\"https:\/\/www.europesays.com\/ee\/wp-content\/uploads\/2026\/03\/f36833ad128fe57fcf3579dc6a1b32b0.webp.webp\" class=\"img-fluid wp-post-image\" alt=\"\" itemprop=\"thumbnailUrl\" data-zoom-src=\"https:\/\/www.europesays.com\/ee\/wp-content\/uploads\/2026\/03\/f36833ad128fe57fcf3579dc6a1b32b0.webp.webp\" decoding=\"async\" fetchpriority=\"high\"  \/><\/p>\n<p>    Foto: Sotsiaalministeerium  <\/p>\n<p>Rahatarkuse kuu raames toimub 12. m\u00e4rtsil pensionitarkusele keskenduv konverents \u201ePensionip\u00e4ev\u201c, kus arutletakse pensionis\u00fcsteemi, s\u00e4\u00e4stmise ja rahalise kindlustunde teemadel. \u00dcritust korraldab sotsiaalministeerium ning seda kaasrahastab Euroopa Liit.<\/p>\n<p>Konverents toimub h\u00fcbriidvormis \u2013 osaleda saab nii kohapeal Tallinnas Teras Beachil kui ka veebis. \u00dcritus on osalejatele tasuta ning sellel on tagatud viipekeele t\u00f5lge nii kohapeal kui ka veebi\u00fclekandes.<\/p>\n<p>Pensionip\u00e4eva eesm\u00e4rk on tuua pensioni- ja s\u00e4\u00e4stmisteemad inimestele l\u00e4hemale ning arutada neid praktilisest vaatenurgast. Korraldajate s\u00f5nul ei ole pension \u00fcksainus otsus, vaid pikaajaline valikute jada, mille m\u00f5istmine aitab inimestel teha teadlikumaid finantsotsuseid.<\/p>\n<p>Konverentsil esinevad teiste seas investor ja ettev\u00f5tja Katri Teller, rahatarkuse edendaja Tiina Saar-Veelmaa, k\u00e4itumisteadlane Leonore Riitsalu, majanduseksperdid ning mitmed arvamusliidrid. P\u00e4eva jooksul toimuvad ettekanded, vestlusringid ja arutelud, kus k\u00e4sitletakse n\u00e4iteks raha\u00e4revust, pensionisammaste rolli, investeerimisvalikuid ning pensionip\u00f5lve tegelikke kulusid.<\/p>\n<p>Lisaks aruteludele pakub konverents ka praktilisi tegevusi, n\u00e4iteks pensionikalkulaatori t\u00f6\u00f6tuba, pensioniteemalist m\u00e4ngu ning erinevaid pausitegevusi. <\/p>\n<p>Vaata j\u00e4rele varasemaid konverentse: <\/p>\n<p class=\"mb-2\">Telli finantsvaldkonna uudised oma postkasti! Kolmap\u00e4eviti saadetav RMP N\u00e4dalakiri sisaldab raamatupidamise, maksunduse ja t\u00f6\u00f6\u00f5iguse uudiseid, spetsialistide artikleid, seadusemuudatusi, n\u00f5uandeid jpm.<\/p>\n<p>                    <img loading=\"lazy\" width=\"400\" height=\"379\" src=\"https:\/\/www.europesays.com\/ee\/wp-content\/uploads\/2025\/11\/fb51a5997136b6a5e7241366060c27f8.jpg\" class=\"img-fluid align-self-center\" alt=\"\" decoding=\"async\"  \/><\/p>\n<p class=\"pais rmp\">Samal teemal<\/p>\n<p>          <a href=\"https:\/\/rmp.geenius.ee\/maksud\/maksud-yldiselt\/maksuvaba-tulu-vanaduspensionieas\/\" rel=\"nofollow noopener\" target=\"_blank\"><\/p>\n<p>                <img width=\"360\" height=\"203\" src=\"https:\/\/www.europesays.com\/ee\/wp-content\/uploads\/2026\/03\/9a30daf9938331cca452e21e1117fcf8-360x203.png\" class=\"img-fluid wp-post-image\" alt=\"vanaduspension pension\u00e4r arvuti arutama\" itemprop=\"thumbnailUrl\" decoding=\"async\" loading=\"lazy\"  \/>              <\/p>\n<p>          <\/a><\/p>\n<p>          <a href=\"https:\/\/rmp.geenius.ee\/ettevotlus\/kasulikteada\/maaruse-eelnou-kohaselt-touseb-keskmine-vanaduspension-1-aprillist-860-eurole\/\" rel=\"nofollow noopener\" target=\"_blank\"><\/p>\n<p>                <img width=\"360\" height=\"203\" src=\"https:\/\/www.europesays.com\/ee\/wp-content\/uploads\/2026\/03\/fff2b640f67d0f1a6b09166ffd54e2e3-360x203.jpg\" class=\"img-fluid wp-post-image\" alt=\"\" itemprop=\"thumbnailUrl\" decoding=\"async\" loading=\"lazy\"  \/>              <\/p>\n<p>          <\/a><\/p>\n<p>          <a href=\"https:\/\/rmp.geenius.ee\/ettevotlus\/kasulikteada\/2026-aasta-sotsiaalkindlustuse-muudatused-pensionid-perehuvitised-ja-maksuarvestus\/\" rel=\"nofollow noopener\" target=\"_blank\"><\/p>\n<p>                <img width=\"360\" height=\"203\" src=\"https:\/\/www.europesays.com\/ee\/wp-content\/uploads\/2026\/02\/0eec0e5d373c137ad72548b779672ddd-360x203.jpg\" class=\"img-fluid wp-post-image\" alt=\"2026. aasta sotsiaalkindlustuse muudatused: pensionid, pereh\u00fcvitised ja maksuarvestus\" itemprop=\"thumbnailUrl\" decoding=\"async\" loading=\"lazy\"  \/>              <\/p>\n<p>          <\/a><\/p>\n","protected":false},"excerpt":{"rendered":"Foto: Sotsiaalministeerium Rahatarkuse kuu raames toimub 12. m\u00e4rtsil pensionitarkusele keskenduv konverents \u201ePensionip\u00e4ev\u201c, kus arutletakse pensionis\u00fcsteemi, s\u00e4\u00e4stmise ja rahalise&hellip;\n","protected":false},"author":2,"featured_media":124585,"comment_status":"","ping_status":"","sticky":false,"template":"","format":"standard","meta":{"footnotes":"","_share_on_mastodon":"0"},"categories":[12],"tags":[26,27,37,33,35,34,36,31,32,21,28,29,19,777,25,8351,57442,57443,23,24,22,20,21216,30],"class_list":["post-124584","post","type-post","status-publish","format-standard","has-post-thumbnail","category-eesti","tag-breaking-news","tag-breakingnews","tag-ee","tag-eesti","tag-eesti-keel","tag-estonia","tag-estonian","tag-featured-news","tag-featurednews","tag-headlines","tag-latest-news","tag-latestnews","tag-news","tag-pension","tag-populaarseimad-lood","tag-rahatarkus","tag-rahatarkuse-kuu","tag-tasuta-koolitus","tag-top-stories","tag-topstories","tag-uldised-uudised","tag-uudised","tag-vanaduspension","tag-viimased-uudised"],"share_on_mastodon":{"url":"https:\/\/pubeurope.com\/@ee\/116199079707345677","error":""},"_links":{"self":[{"href":"https:\/\/www.europesays.com\/ee\/wp-json\/wp\/v2\/posts\/124584","targetHints":{"allow":["GET"]}}],"collection":[{"href":"https:\/\/www.europesays.com\/ee\/wp-json\/wp\/v2\/posts"}],"about":[{"href":"https:\/\/www.europesays.com\/ee\/wp-json\/wp\/v2\/types\/post"}],"author":[{"embeddable":true,"href":"https:\/\/www.europesays.com\/ee\/wp-json\/wp\/v2\/users\/2"}],"replies":[{"embeddable":true,"href":"https:\/\/www.europesays.com\/ee\/wp-json\/wp\/v2\/comments?post=124584"}],"version-history":[{"count":0,"href":"https:\/\/www.europesays.com\/ee\/wp-json\/wp\/v2\/posts\/124584\/revisions"}],"wp:featuredmedia":[{"embeddable":true,"href":"https:\/\/www.europesays.com\/ee\/wp-json\/wp\/v2\/media\/124585"}],"wp:attachment":[{"href":"https:\/\/www.europesays.com\/ee\/wp-json\/wp\/v2\/media?parent=124584"}],"wp:term":[{"taxonomy":"category","embeddable":true,"href":"https:\/\/www.europesays.com\/ee\/wp-json\/wp\/v2\/categories?post=124584"},{"taxonomy":"post_tag","embeddable":true,"href":"https:\/\/www.europesays.com\/ee\/wp-json\/wp\/v2\/tags?post=124584"}],"curies":[{"name":"wp","href":"https:\/\/api.w.org\/{rel}","templated":true}]}}