{"id":124625,"date":"2026-03-09T12:35:09","date_gmt":"2026-03-09T12:35:09","guid":{"rendered":"https:\/\/www.europesays.com\/ee\/124625\/"},"modified":"2026-03-09T12:35:09","modified_gmt":"2026-03-09T12:35:09","slug":"norra-politsei-avaldas-usa-saatkonna-juurde-pommi-pannud-isiku-fotod","status":"publish","type":"post","link":"https:\/\/www.europesays.com\/ee\/124625\/","title":{"rendered":"Norra politsei avaldas USA saatkonna juurde pommi pannud isiku fotod"},"content":{"rendered":"<p>\u201eMe arvame, et k\u00f5nealune isik asetas seadeldise sissep\u00e4\u00e4su juurde. Politsei on huvitatud k\u00f5igist andmetest ja t\u00e4helepanekutest k\u00f5nealuse isiku kohta,\u201c teatas politsei, vahendab ajaleht VG.<\/p>\n<p>Politsei teatel ei ole isikut tuvastatud ja konkreetseid kahtlusaluseid ei ole. Kedagi ei ole kinni peetud. T\u00f6\u00f6 isiku tuvastamiseks k\u00e4ib aga t\u00e4ie hooga.<\/p>\n<p>Politsei eitas, et kasutati k\u00e4sigranaati. Senine juurdlus on n\u00e4idanud, et see oli omavalmistatud l\u00f5hkeseadeldis.<\/p>\n<p>Umbes samal ajal plahvatusega avaldati saatkonna Google Mapsi lehek\u00fclgedel video, milles on n\u00e4ha <a rel=\"noopener nofollow\" target=\"_blank\" href=\"https:\/\/www.delfi.ee\/teema\/24129493\/iraan\" tag-id=\"24129493\">Iraani<\/a> tapetud endist k\u00f5rgeimat juhti, ajatolla <a rel=\"noopener nofollow\" target=\"_blank\" href=\"https:\/\/www.delfi.ee\/teema\/56936524\/ali-khamenei\" tag-id=\"56936524\">Ali Khameneid<\/a>. Video postitas anon\u00fc\u00fcmne kasutaja.<\/p>\n<p>\u201eAllah on suur. Meie oleme v\u00f5itjad,\u201c kirjutati postituses araabia keeles.<\/p>\n<p>Politsei uurib videot, aga ei taha praegu selle kohta midagi kommenteerida.<\/p>\n<p>Politsei teatas eile, et peab juhtunut sihilikuks r\u00fcnnakuks.<\/p>\n<p>Kuidas see lugu Sind end tundma pani? Saada <a href=\"https:\/\/www.delfi.ee\/artikkel\/120441151\/norra-politsei-avaldas-usa-saatkonna-juurde-pommi-pannud-isiku-fotod\/kommentaarid\" class=\"article-body-bottom__comment article-body-bottom__comment--write button button--primary button--size-auto\" rel=\"nofollow noopener\" target=\"_blank\"> Kommenteeri <\/a><a href=\"https:\/\/www.delfi.ee\/artikkel\/120441151\/norra-politsei-avaldas-usa-saatkonna-juurde-pommi-pannud-isiku-fotod\/kommentaarid\" class=\"article-body-bottom__comment article-body-bottom__comment--read button button--size-auto\" rel=\"nofollow noopener\" target=\"_blank\"> Loe kommentaare (4)<\/a><\/p>\n","protected":false},"excerpt":{"rendered":"\u201eMe arvame, et k\u00f5nealune isik asetas seadeldise sissep\u00e4\u00e4su juurde. Politsei on huvitatud k\u00f5igist andmetest ja t\u00e4helepanekutest k\u00f5nealuse isiku&hellip;\n","protected":false},"author":2,"featured_media":124626,"comment_status":"","ping_status":"","sticky":false,"template":"","format":"standard","meta":{"footnotes":"","_share_on_mastodon":"0"},"categories":[80],"tags":[37105,26,27,37,33,35,34,36,31,32,21,1925,28,29,95,19,1437,2693,25,23,24,22,325,20,30,92,93,94],"class_list":["post-124625","post","type-post","status-publish","format-standard","has-post-thumbnail","category-maailm","tag-ali-khamenei","tag-breaking-news","tag-breakingnews","tag-ee","tag-eesti","tag-eesti-keel","tag-estonia","tag-estonian","tag-featured-news","tag-featurednews","tag-headlines","tag-iraan","tag-latest-news","tag-latestnews","tag-maailm","tag-news","tag-norra","tag-oslo","tag-populaarseimad-lood","tag-top-stories","tag-topstories","tag-uldised-uudised","tag-usa","tag-uudised","tag-viimased-uudised","tag-world","tag-world-news","tag-worldnews"],"share_on_mastodon":{"url":"https:\/\/pubeurope.com\/@ee\/116199248775980260","error":""},"_links":{"self":[{"href":"https:\/\/www.europesays.com\/ee\/wp-json\/wp\/v2\/posts\/124625","targetHints":{"allow":["GET"]}}],"collection":[{"href":"https:\/\/www.europesays.com\/ee\/wp-json\/wp\/v2\/posts"}],"about":[{"href":"https:\/\/www.europesays.com\/ee\/wp-json\/wp\/v2\/types\/post"}],"author":[{"embeddable":true,"href":"https:\/\/www.europesays.com\/ee\/wp-json\/wp\/v2\/users\/2"}],"replies":[{"embeddable":true,"href":"https:\/\/www.europesays.com\/ee\/wp-json\/wp\/v2\/comments?post=124625"}],"version-history":[{"count":0,"href":"https:\/\/www.europesays.com\/ee\/wp-json\/wp\/v2\/posts\/124625\/revisions"}],"wp:featuredmedia":[{"embeddable":true,"href":"https:\/\/www.europesays.com\/ee\/wp-json\/wp\/v2\/media\/124626"}],"wp:attachment":[{"href":"https:\/\/www.europesays.com\/ee\/wp-json\/wp\/v2\/media?parent=124625"}],"wp:term":[{"taxonomy":"category","embeddable":true,"href":"https:\/\/www.europesays.com\/ee\/wp-json\/wp\/v2\/categories?post=124625"},{"taxonomy":"post_tag","embeddable":true,"href":"https:\/\/www.europesays.com\/ee\/wp-json\/wp\/v2\/tags?post=124625"}],"curies":[{"name":"wp","href":"https:\/\/api.w.org\/{rel}","templated":true}]}}