{"id":124809,"date":"2026-03-09T15:54:07","date_gmt":"2026-03-09T15:54:07","guid":{"rendered":"https:\/\/www.europesays.com\/ee\/124809\/"},"modified":"2026-03-09T15:54:07","modified_gmt":"2026-03-09T15:54:07","slug":"analuus-kas-iraani-uus-juht-otsib-lepitust-ja-jaab-voimule-voi-lopetab-nagu-tema-isa","status":"publish","type":"post","link":"https:\/\/www.europesays.com\/ee\/124809\/","title":{"rendered":"ANAL\u00dc\u00dcS | Kas Iraani uus juht otsib lepitust ja j\u00e4\u00e4b v\u00f5imule v\u00f5i l\u00f5petab nagu tema isa?"},"content":{"rendered":"<p>Iraani ekspertide kogu 88 liiget valisid islamivabariigi ajaloo kolmandaks k\u00f5rgeimaks juhiks Mojtaba Khamenei. Iran International <a rel=\"noopener nofollow\" target=\"_blank\" href=\"https:\/\/www.delfi.ee\/artikkel\/120440070\/iraani-uueks-korgeimaks-juhiks-valiti-teadete-kohaselt-eelmise-poeg-mojtaba-khamenei\" data-rel-date-range=\"[]\">teatas sellest<\/a> juba 3. m\u00e4rtsil, ent ametlikult seda siis veel ei kinnitatud. Alles 8. m\u00e4rtsil sai selgeks, et nii Mojtaba on t\u00f5epoolest v\u00f5tnud isast t\u00fchjaks j\u00e4\u00e4nud koha. <\/p>\n<p class=\"p1\">Ettearvamatuks teeb Mojtaba Khamenei Iraani k\u00f5rgeima juhi ametisse valimise see, et ta ei ole osalenud avalikus poliitikas, kuid oli oma isa poliitiline vari. Keegi ei tea, kui palju ja milliseid otsuseid tegi Ali Khamenei koos pojaga v\u00f5i tema mahitusel.  <\/p>\n<p class=\"p1\">Oleks palju loota, et Mojtaba Khamenei on USA ja Iisraeli suhtes mingilgi m\u00e4\u00e4ral s\u00f5bralik. Eriti vahetult p\u00e4rast seda, kui \u00f5hur\u00fcnnakutes on tapetud nii tema isa ja ema kui ka naine ja laps. <\/p>\n<p>Oled juba tellija?Logi sisse<\/p>\n<p><a href=\"https:\/\/www.delfi.ee\/artikkel\/120441178\/analuus-kas-iraani-uus-juht-otsib-lepitust-ja-jaab-voimule-voi-lopetab-nagu-tema-isa\/kommentaarid\" class=\"article-body-bottom__comment article-body-bottom__comment--write button button--primary button--size-auto\" rel=\"nofollow noopener\" target=\"_blank\"> Kommenteeri <\/a><a href=\"https:\/\/www.delfi.ee\/artikkel\/120441178\/analuus-kas-iraani-uus-juht-otsib-lepitust-ja-jaab-voimule-voi-lopetab-nagu-tema-isa\/kommentaarid\" class=\"article-body-bottom__comment article-body-bottom__comment--read button button--size-auto\" rel=\"nofollow noopener\" target=\"_blank\"> Loe kommentaare (10)<\/a><\/p>\n","protected":false},"excerpt":{"rendered":"Iraani ekspertide kogu 88 liiget valisid islamivabariigi ajaloo kolmandaks k\u00f5rgeimaks juhiks Mojtaba Khamenei. Iran International teatas sellest juba&hellip;\n","protected":false},"author":2,"featured_media":124810,"comment_status":"","ping_status":"","sticky":false,"template":"","format":"standard","meta":{"footnotes":"","_share_on_mastodon":"0"},"categories":[80],"tags":[37105,587,621,26,27,324,37,33,35,34,36,31,32,21,619,1925,39444,43906,40362,39922,6625,55505,28,29,95,55982,19,25,23,24,22,325,4249,20,30,92,93,94],"class_list":["post-124809","post","type-post","status-publish","format-standard","has-post-thumbnail","category-maailm","tag-ali-khamenei","tag-ameerika-uhendriigid","tag-benjamin-netanyahu","tag-breaking-news","tag-breakingnews","tag-donald-trump","tag-ee","tag-eesti","tag-eesti-keel","tag-estonia","tag-estonian","tag-featured-news","tag-featurednews","tag-headlines","tag-iisrael","tag-iraan","tag-iraani-protestid","tag-iraani-reziim","tag-iraani-rundamine","tag-iraani-tuumaprogramm","tag-kongress","tag-lahis-ida-soda","tag-latest-news","tag-latestnews","tag-maailm","tag-mojtaba-khamenei","tag-news","tag-populaarseimad-lood","tag-top-stories","tag-topstories","tag-uldised-uudised","tag-usa","tag-usa-kongress","tag-uudised","tag-viimased-uudised","tag-world","tag-world-news","tag-worldnews"],"share_on_mastodon":{"url":"","error":"Validation failed: Text character limit of 500 exceeded"},"_links":{"self":[{"href":"https:\/\/www.europesays.com\/ee\/wp-json\/wp\/v2\/posts\/124809","targetHints":{"allow":["GET"]}}],"collection":[{"href":"https:\/\/www.europesays.com\/ee\/wp-json\/wp\/v2\/posts"}],"about":[{"href":"https:\/\/www.europesays.com\/ee\/wp-json\/wp\/v2\/types\/post"}],"author":[{"embeddable":true,"href":"https:\/\/www.europesays.com\/ee\/wp-json\/wp\/v2\/users\/2"}],"replies":[{"embeddable":true,"href":"https:\/\/www.europesays.com\/ee\/wp-json\/wp\/v2\/comments?post=124809"}],"version-history":[{"count":0,"href":"https:\/\/www.europesays.com\/ee\/wp-json\/wp\/v2\/posts\/124809\/revisions"}],"wp:featuredmedia":[{"embeddable":true,"href":"https:\/\/www.europesays.com\/ee\/wp-json\/wp\/v2\/media\/124810"}],"wp:attachment":[{"href":"https:\/\/www.europesays.com\/ee\/wp-json\/wp\/v2\/media?parent=124809"}],"wp:term":[{"taxonomy":"category","embeddable":true,"href":"https:\/\/www.europesays.com\/ee\/wp-json\/wp\/v2\/categories?post=124809"},{"taxonomy":"post_tag","embeddable":true,"href":"https:\/\/www.europesays.com\/ee\/wp-json\/wp\/v2\/tags?post=124809"}],"curies":[{"name":"wp","href":"https:\/\/api.w.org\/{rel}","templated":true}]}}