{"id":124940,"date":"2026-03-09T18:54:13","date_gmt":"2026-03-09T18:54:13","guid":{"rendered":"https:\/\/www.europesays.com\/ee\/124940\/"},"modified":"2026-03-09T18:54:13","modified_gmt":"2026-03-09T18:54:13","slug":"kohalik-vaade-%e2%9f%a9-ukraina-taatide-uksus-saadab-vaenlase-raketid-tagasi","status":"publish","type":"post","link":"https:\/\/www.europesays.com\/ee\/124940\/","title":{"rendered":"KOHALIK VAADE \u27e9 Ukraina taatide \u00fcksus saadab vaenlase raketid tagasi"},"content":{"rendered":"<p>Arson, Petse, Dnipro, M\u00f5hhailov\u00f5t\u0161 ja komand\u00f6r Did. Vilunud liigutuste ja vaikse pomina saatel sagivad nad \u00fcmber garaa\u017eip\u00f5randal lebavate kolme meetri pikkuste rakettide. Ruumi v\u00f5tavad \u00e4ra kolm kastiautot, kuhu on paigaldatud kolme toruga raketiheitjad. N\u00f5ukogudeaegse mitmelasulise raketiheitja Grad j\u00e4rgi valmistatud seadmed suudavad tulistada neljak\u00fcmne asemel ainult kolm raketti, kuid pension\u00e4ride \u00fcksus vannub, et seda t\u00e4psemad need on \u2013 nagu snaiprikuulid haavlitega v\u00f5rreldes.<\/p>\n<p>\u00abVastasel juhul poleks s\u00f5jav\u00e4gi meile \u00fclesandeid andnud,\u00bb \u00fctles Did ehk Vanaisa, \u00fcksuse komand\u00f6r ja looja, karastunud 2014.\u20132018. aastani Ida-Ukrainas peetud lahingutes. 2022. aastani juhtis ta Eesti Kaitseliidu eeskujul loodud tsiviilkaitser\u00fchma, kus temasugused veteranid ja teised asjast huvitatud tsiviilisikud said s\u00f5jav\u00e4es vajaminevate oskuste baasv\u00e4lja\u00f5ppe.<\/p>\n","protected":false},"excerpt":{"rendered":"Arson, Petse, Dnipro, M\u00f5hhailov\u00f5t\u0161 ja komand\u00f6r Did. Vilunud liigutuste ja vaikse pomina saatel sagivad nad \u00fcmber garaa\u017eip\u00f5randal lebavate&hellip;\n","protected":false},"author":2,"featured_media":124941,"comment_status":"","ping_status":"","sticky":false,"template":"","format":"standard","meta":{"footnotes":"","_share_on_mastodon":"0"},"categories":[5],"tags":[26,27,37,33,35,34,36,31,32,21,28,29,19,8606,25,6912,23,24,262,7329,22,20,30,1839],"class_list":["post-124940","post","type-post","status-publish","format-standard","has-post-thumbnail","category-uldised-uudised","tag-breaking-news","tag-breakingnews","tag-ee","tag-eesti","tag-eesti-keel","tag-estonia","tag-estonian","tag-featured-news","tag-featurednews","tag-headlines","tag-latest-news","tag-latestnews","tag-news","tag-pensionarid","tag-populaarseimad-lood","tag-rindejoon","tag-top-stories","tag-topstories","tag-ukraina","tag-ukraina-sodurid","tag-uldised-uudised","tag-uudised","tag-viimased-uudised","tag-zaporizzja"],"share_on_mastodon":{"url":"https:\/\/pubeurope.com\/@ee\/116200738962586108","error":""},"_links":{"self":[{"href":"https:\/\/www.europesays.com\/ee\/wp-json\/wp\/v2\/posts\/124940","targetHints":{"allow":["GET"]}}],"collection":[{"href":"https:\/\/www.europesays.com\/ee\/wp-json\/wp\/v2\/posts"}],"about":[{"href":"https:\/\/www.europesays.com\/ee\/wp-json\/wp\/v2\/types\/post"}],"author":[{"embeddable":true,"href":"https:\/\/www.europesays.com\/ee\/wp-json\/wp\/v2\/users\/2"}],"replies":[{"embeddable":true,"href":"https:\/\/www.europesays.com\/ee\/wp-json\/wp\/v2\/comments?post=124940"}],"version-history":[{"count":0,"href":"https:\/\/www.europesays.com\/ee\/wp-json\/wp\/v2\/posts\/124940\/revisions"}],"wp:featuredmedia":[{"embeddable":true,"href":"https:\/\/www.europesays.com\/ee\/wp-json\/wp\/v2\/media\/124941"}],"wp:attachment":[{"href":"https:\/\/www.europesays.com\/ee\/wp-json\/wp\/v2\/media?parent=124940"}],"wp:term":[{"taxonomy":"category","embeddable":true,"href":"https:\/\/www.europesays.com\/ee\/wp-json\/wp\/v2\/categories?post=124940"},{"taxonomy":"post_tag","embeddable":true,"href":"https:\/\/www.europesays.com\/ee\/wp-json\/wp\/v2\/tags?post=124940"}],"curies":[{"name":"wp","href":"https:\/\/api.w.org\/{rel}","templated":true}]}}