{"id":125172,"date":"2026-03-10T03:31:06","date_gmt":"2026-03-10T03:31:06","guid":{"rendered":"https:\/\/www.europesays.com\/ee\/125172\/"},"modified":"2026-03-10T03:31:06","modified_gmt":"2026-03-10T03:31:06","slug":"trumpi-kuberstrateegia-annab-marku-toetusest-kruptotaristule-bitcoin-com-news","status":"publish","type":"post","link":"https:\/\/www.europesays.com\/ee\/125172\/","title":{"rendered":"Trumpi k\u00fcberstrateegia annab m\u00e4rku toetusest kr\u00fcptotaristule &#8211; Bitcoin.com News"},"content":{"rendered":"<ol>\n<li><a href=\"https:\/\/news.google.com\/rss\/articles\/CBMilgFBVV95cUxQOHVyOUl4MVBRbHAwSGc3UGQyajR2blNpMFdNZ09iekFVOURHU0Z5bWZkdk5QZWxjdTZqMFdobWhzVGhjYUpiUFg5Y3NvV2Z1NWdBQjdkM3IwcW1pdjBkOHBCYzNnclM3SjA4TU12MFF2ZHBfLTc0bUFRTWZHSUxrNURnQ0dsM2tTRng5bnJJVHN5OXhxcFE?oc=5\" target=\"_blank\" rel=\"nofollow noopener\">Trumpi k\u00fcberstrateegia annab m\u00e4rku toetusest kr\u00fcptotaristule<\/a>&nbsp;&nbsp;Bitcoin.com News<\/li>\n<li><a href=\"https:\/\/news.google.com\/rss\/articles\/CBMiuAFBVV95cUxQMm1iWEM5eVN2VVZqUEtzQTI0bERrMFlfUW9hVVZZZ2lHMGR2WldQNGtxLVdfMjVGblBvSnAzTGN1T05BeEdqWG84RnFtYWxrR1ptbEZ2TjJmZWhjYkE5NGFuTk1FY2w5SmZuOTVTcktSRDZxZl9HRzFZeGtRUndHRmt4MHM2MWt6ejJDYWcwZkpTaEFWbTBic0w2eUN2LVc1cXdhQXZxREdHUVVVakxGcHN1R1BkUzY2?oc=5\" target=\"_blank\" rel=\"nofollow noopener\">CLARITY seadus v\u00f5ib soosida panku kr\u00fcptovaluutaga tegelevate ettev\u00f5tete ees, \u00fctleb endine CFTC esimees<\/a>&nbsp;&nbsp;Traders Union<\/li>\n<li><a href=\"https:\/\/news.google.com\/rss\/articles\/CBMixwFBVV95cUxOeGctQkZ0dE9ISUFISkE2eXpUMkZPaTJ0MWlsbmRHR2JyUlFPdFJEMEZqcS1lMVhzOXdrM1RGODdVNTRDekt6Tk8wM1BzdW5xVDA5YlhxMXRHRkZuQk0wcGV1V1NPblFadHZKeHZYTHFYYzhsNHNKZE45ZnFFMTdMVFlYWlFaOWxqZmtlSGF4QzQzWDdWLUZzeXFmalp1ejR4Slp2Xy01TDZjUGpjal9OVjQzOWs2NHZwTkE0enRkZTZ0THl3eWVF?oc=5\" target=\"_blank\" rel=\"nofollow noopener\">Trump survestab Kongressi vastu v\u00f5tma Clarity Acti, hoiatab panku USA kr\u00fcptoagenda \u00f5\u00f5nestamise eest<\/a>&nbsp;&nbsp;Bitcoin.com News<\/li>\n<li><a href=\"https:\/\/news.google.com\/rss\/articles\/CBMitAFBVV95cUxPTTBOV1VoaFByUlJCTWtLRV92Tlc1WWpDd29iNzF5M21DcnBtYmstMWl1VTY3alFHLVRRLUJPRVNvZmF4Q205SHFrSTBjRkgtYlpJbmwtMFVPaDVPd1BscXZqRTV5X09aaWdKZnJDLXhvRlJIVFA3cHg1Z2Z1MFNycUJ2MFdObTl0WEdfLWFBN2syX3pOQ1hrV1dpcTJpTTJucVI5aVVURm92WVdHb2tzcUVxVzU?oc=5\" target=\"_blank\" rel=\"nofollow noopener\">CLARITY seadus kehtestab uued kr\u00fcptovaluuta eeskirjad: kes v\u00f5idab, kes kaotab<\/a>&nbsp;&nbsp;Traders Union<\/li>\n<li><a href=\"https:\/\/news.google.com\/rss\/articles\/CBMixgFBVV95cUxPMXJOVDdsandGZjNobTJsM2RaSmxjOU96ZUhRUlpVWndmRFhzVENSTV84UUdYZUpJS3ZYTHVmcnoxT0dYek9VT1NfeUtvZEpZZ3ZDbGlWVmNsZzlFVDFOS2lKVjJaQXpkQm03YmNKczN0bV9jUnViZXdVdWt4bzFwNmV6QVpzNjJHOG5oMVR2Nll4ZXlWd2pPUE1TN2ZYdms0ZU1mT2xKWmdGV2FWOFpfNk83am9jRXFYdnRtX3g1c1NHZzlPRXc?oc=5\" target=\"_blank\" rel=\"nofollow noopener\">Sacks ja Garlinghouse survestavad CLARITY seaduse alusel stabiilse m\u00fcndi kompromissi osas edusamme<\/a>&nbsp;&nbsp;Bitcoin.com News<\/li>\n<\/ol>\n","protected":false},"excerpt":{"rendered":"Trumpi k\u00fcberstrateegia annab m\u00e4rku toetusest kr\u00fcptotaristule&nbsp;&nbsp;Bitcoin.com News CLARITY seadus v\u00f5ib soosida panku kr\u00fcptovaluutaga tegelevate ettev\u00f5tete ees, \u00fctleb endine&hellip;\n","protected":false},"author":2,"featured_media":125173,"comment_status":"","ping_status":"","sticky":false,"template":"","format":"standard","meta":{"footnotes":"","_share_on_mastodon":"0"},"categories":[14],"tags":[131,130,10723,57644,324,37,33,35,34,36],"class_list":["post-125172","post","type-post","status-publish","format-standard","has-post-thumbnail","category-ari","tag-ari","tag-business","tag-cryptocurrency","tag-cybersecurity","tag-donald-trump","tag-ee","tag-eesti","tag-eesti-keel","tag-estonia","tag-estonian"],"share_on_mastodon":{"url":"https:\/\/pubeurope.com\/@ee\/116202771765453939","error":""},"_links":{"self":[{"href":"https:\/\/www.europesays.com\/ee\/wp-json\/wp\/v2\/posts\/125172","targetHints":{"allow":["GET"]}}],"collection":[{"href":"https:\/\/www.europesays.com\/ee\/wp-json\/wp\/v2\/posts"}],"about":[{"href":"https:\/\/www.europesays.com\/ee\/wp-json\/wp\/v2\/types\/post"}],"author":[{"embeddable":true,"href":"https:\/\/www.europesays.com\/ee\/wp-json\/wp\/v2\/users\/2"}],"replies":[{"embeddable":true,"href":"https:\/\/www.europesays.com\/ee\/wp-json\/wp\/v2\/comments?post=125172"}],"version-history":[{"count":0,"href":"https:\/\/www.europesays.com\/ee\/wp-json\/wp\/v2\/posts\/125172\/revisions"}],"wp:featuredmedia":[{"embeddable":true,"href":"https:\/\/www.europesays.com\/ee\/wp-json\/wp\/v2\/media\/125173"}],"wp:attachment":[{"href":"https:\/\/www.europesays.com\/ee\/wp-json\/wp\/v2\/media?parent=125172"}],"wp:term":[{"taxonomy":"category","embeddable":true,"href":"https:\/\/www.europesays.com\/ee\/wp-json\/wp\/v2\/categories?post=125172"},{"taxonomy":"post_tag","embeddable":true,"href":"https:\/\/www.europesays.com\/ee\/wp-json\/wp\/v2\/tags?post=125172"}],"curies":[{"name":"wp","href":"https:\/\/api.w.org\/{rel}","templated":true}]}}