{"id":125281,"date":"2026-03-10T07:54:11","date_gmt":"2026-03-10T07:54:11","guid":{"rendered":"https:\/\/www.europesays.com\/ee\/125281\/"},"modified":"2026-03-10T07:54:11","modified_gmt":"2026-03-10T07:54:11","slug":"murdmaasuusatamise-olumpiavoitja-teatas-karjaari-lopetamisest","status":"publish","type":"post","link":"https:\/\/www.europesays.com\/ee\/125281\/","title":{"rendered":"Murdmaasuusatamise ol\u00fcmpiav\u00f5itja teatas karj\u00e4\u00e4ri l\u00f5petamisest"},"content":{"rendered":"<p>\u201eJ\u00e4rgmine hooaeg on minu karj\u00e4\u00e4ri viimane. Ma l\u00f5petan, sest mu keha pole enam nii heas vormis kui 25- v\u00f5i 26-aastaselt,\u201c kirjutas Saksa suusataja sotsiaalmeedias. \u201eOma karj\u00e4\u00e4ri viimasel hooajal soovin eelk\u00f5ige seda imelist spordiala nautida. Sel hooajal olen saanud seda v\u00e4he teha.\u201c<\/p>\n<p>Hennig-Dotzler tuli 2022. aasta <a rel=\"noopener nofollow\" target=\"_blank\" href=\"https:\/\/www.delfi.ee\/teema\/56941606\/pekingi-olumpiamangud\" tag-id=\"56941606\">Pekingi ol\u00fcmpiam\u00e4ngudel<\/a> koos Victoria Carliga paarissprindis ol\u00fcmpiav\u00f5itjaks. K\u00e4imasolev hooaeg pole sakslanna jaoks tulemuste m\u00f5ttes edukas olnud, kuna tema parimaks tulemuseks on viies koht Gomsi MK-etapil. Veel kahel v\u00f5istlusel on ta l\u00f5petanud esik\u00fcmnes.<\/p>\n<p>\u201eOlin terve oktoobrikuu haige. Palju treeninguid j\u00e4i vahele, kokku k\u00fcmneid tunde. Enne v\u00f5istlushooaja algust olin lumel teinud ainult \u00fche raske treeningu,\u201c selgitas Hennig-Dotzler.<\/p>\n<p>Karj\u00e4\u00e4ri jooksul on Hennig-Dotzler j\u00f5udnud MK-sarjas 11 korda individuaalselt poodiumile. Etapiv\u00f5ite on tema auhinnakapis \u00fcks. Lisaks Pekingi ol\u00fcmpiam\u00e4ngude paarissprindi kullale on Hennig-Dotzler v\u00f5itnud veel kolm tiitliv\u00f5istluste medalit: Pekingi ol\u00fcmpia teates\u00f5idu h\u00f5beda, 2023. aasta Planica MM-i teates\u00f5idu h\u00f5beda ja 2025. aasta Trondheimi MM-i teates\u00f5idu pronksi.<\/p>\n<p>\u201eMul oli p\u00e4rast haigusperioodi vormi saamisega raskusi. Terve hooaeg on olnud v\u00e4ga raske,\u201c lisas Hennig-Dotzler, kes Milano-Cortina ol\u00fcmpial saavutas parimal juhul individuaalselt \u00fcheksanda koha.<\/p>\n<p>Kuidas see lugu Sind end tundma pani? Saada <a href=\"https:\/\/sport.delfi.ee\/artikkel\/120441267\/murdmaasuusatamise-olumpiavoitja-teatas-karjaari-lopetamisest\/kommentaarid\" class=\"article-body-bottom__comment article-body-bottom__comment--write button button--primary button--size-auto\" rel=\"nofollow noopener\" target=\"_blank\"> Kommenteeri <\/a><a href=\"https:\/\/sport.delfi.ee\/artikkel\/120441267\/murdmaasuusatamise-olumpiavoitja-teatas-karjaari-lopetamisest\/kommentaarid\" class=\"article-body-bottom__comment article-body-bottom__comment--read button button--size-auto\" rel=\"nofollow noopener\" target=\"_blank\"> Loe kommentaare (3)<\/a><\/p>\n","protected":false},"excerpt":{"rendered":"\u201eJ\u00e4rgmine hooaeg on minu karj\u00e4\u00e4ri viimane. Ma l\u00f5petan, sest mu keha pole enam nii heas vormis kui 25-&hellip;\n","protected":false},"author":2,"featured_media":125282,"comment_status":"","ping_status":"","sticky":false,"template":"","format":"standard","meta":{"footnotes":"","_share_on_mastodon":"0"},"categories":[18],"tags":[35954,37,33,35,34,36,22692,17655,7735,51,159,158],"class_list":["post-125281","post","type-post","status-publish","format-standard","has-post-thumbnail","category-sport","tag-2022-pekingi-olumpia","tag-ee","tag-eesti","tag-eesti-keel","tag-estonia","tag-estonian","tag-pekingi-olumpia-2022","tag-pekingi-olumpiamangud","tag-saksa","tag-saksamaa","tag-sport","tag-sports"],"share_on_mastodon":{"url":"https:\/\/pubeurope.com\/@ee\/116203805966654164","error":""},"_links":{"self":[{"href":"https:\/\/www.europesays.com\/ee\/wp-json\/wp\/v2\/posts\/125281","targetHints":{"allow":["GET"]}}],"collection":[{"href":"https:\/\/www.europesays.com\/ee\/wp-json\/wp\/v2\/posts"}],"about":[{"href":"https:\/\/www.europesays.com\/ee\/wp-json\/wp\/v2\/types\/post"}],"author":[{"embeddable":true,"href":"https:\/\/www.europesays.com\/ee\/wp-json\/wp\/v2\/users\/2"}],"replies":[{"embeddable":true,"href":"https:\/\/www.europesays.com\/ee\/wp-json\/wp\/v2\/comments?post=125281"}],"version-history":[{"count":0,"href":"https:\/\/www.europesays.com\/ee\/wp-json\/wp\/v2\/posts\/125281\/revisions"}],"wp:featuredmedia":[{"embeddable":true,"href":"https:\/\/www.europesays.com\/ee\/wp-json\/wp\/v2\/media\/125282"}],"wp:attachment":[{"href":"https:\/\/www.europesays.com\/ee\/wp-json\/wp\/v2\/media?parent=125281"}],"wp:term":[{"taxonomy":"category","embeddable":true,"href":"https:\/\/www.europesays.com\/ee\/wp-json\/wp\/v2\/categories?post=125281"},{"taxonomy":"post_tag","embeddable":true,"href":"https:\/\/www.europesays.com\/ee\/wp-json\/wp\/v2\/tags?post=125281"}],"curies":[{"name":"wp","href":"https:\/\/api.w.org\/{rel}","templated":true}]}}