{"id":125438,"date":"2026-03-10T11:01:11","date_gmt":"2026-03-10T11:01:11","guid":{"rendered":"https:\/\/www.europesays.com\/ee\/125438\/"},"modified":"2026-03-10T11:01:11","modified_gmt":"2026-03-10T11:01:11","slug":"noor-inglismaa-jalgpallur-varises-mangu-ajal-kokku-ja-suri","status":"publish","type":"post","link":"https:\/\/www.europesays.com\/ee\/125438\/","title":{"rendered":"Noor Inglismaa jalgpallur varises m\u00e4ngu ajal kokku ja suri"},"content":{"rendered":"<p><a rel=\"noopener nofollow\" target=\"_blank\" href=\"https:\/\/www.delfi.ee\/teema\/60117095\/oxfordi-ulikool\" tag-id=\"60117095\">Oxfordi \u00dclikool<\/a> teatas p\u00fchap\u00e4eval tehtud avalduses, et Aplin suri \u201et\u00f5sise meditsiinilise intsidendi\u201c tagaj\u00e4rjel. Noorm\u00e4ngija surma p\u00f5hjust pole avaldatud.<\/p>\n<p>\u201eSuure kurbusega peame teatama 15-aastase akadeemia m\u00e4ngija Amelia Aplini surmast. K\u00f5ik Oxford Unitedi klubiliikmed avaldavad Amelia perekonnale, s\u00f5pradele, meeskonnakaaslastele ja treeneritele s\u00fcgavat kaastunnet,\u201c seisis Oxfordi \u00fclikooli avalduses.<\/p>\n<p>\u00dclikool avaldas eraldi t\u00e4nu Oxford Unitedi and Fulhami v\u00f5istkondade meditsiinipersonalidele, kes tegid olukorras k\u00f5ik endast oleneva.<\/p>\n<p>Aplini traagilise surma j\u00e4rel tegi omapoolse avalduse ka Inglismaa jalgpalliliit. \u201eAmelia traagiline surm valmistab meile s\u00fcgavat kurbust. Meie m\u00f5tted on tema perekonna, s\u00f5prade ja k\u00f5igi Oxford Unitedi naiskonnaga seotud inimestega sel uskumatult raskel ajal.\u201c<\/p>\n<p>Noorm\u00e4ngija surma t\u00f5ttu l\u00fckati teadmata ajaks edasi p\u00fchap\u00e4eval toimuma pidanud Oxford Unitedi naiskonna kolmanda liiga kohtumine.<\/p>\n<p>Kuidas see lugu Sind end tundma pani? Saada <a href=\"https:\/\/sport.delfi.ee\/artikkel\/120441296\/noor-inglismaa-jalgpallur-varises-mangu-ajal-kokku-ja-suri\/kommentaarid\" class=\"article-body-bottom__comment article-body-bottom__comment--write button button--primary button--size-auto\" rel=\"nofollow noopener\" target=\"_blank\"> Kommenteeri <\/a><a href=\"https:\/\/sport.delfi.ee\/artikkel\/120441296\/noor-inglismaa-jalgpallur-varises-mangu-ajal-kokku-ja-suri\/kommentaarid\" class=\"article-body-bottom__comment article-body-bottom__comment--read button button--size-auto\" rel=\"nofollow noopener\" target=\"_blank\"> Loe kommentaare (7)<\/a><\/p>\n","protected":false},"excerpt":{"rendered":"Oxfordi \u00dclikool teatas p\u00fchap\u00e4eval tehtud avalduses, et Aplin suri \u201et\u00f5sise meditsiinilise intsidendi\u201c tagaj\u00e4rjel. Noorm\u00e4ngija surma p\u00f5hjust pole avaldatud.&hellip;\n","protected":false},"author":2,"featured_media":125439,"comment_status":"","ping_status":"","sticky":false,"template":"","format":"standard","meta":{"footnotes":"","_share_on_mastodon":"0"},"categories":[18],"tags":[37,33,35,34,36,3045,20188,35360,159,158],"class_list":["post-125438","post","type-post","status-publish","format-standard","has-post-thumbnail","category-sport","tag-ee","tag-eesti","tag-eesti-keel","tag-estonia","tag-estonian","tag-fulham","tag-oxford","tag-oxfordi-ulikool","tag-sport","tag-sports"],"share_on_mastodon":{"url":"https:\/\/pubeurope.com\/@ee\/116204541362047823","error":""},"_links":{"self":[{"href":"https:\/\/www.europesays.com\/ee\/wp-json\/wp\/v2\/posts\/125438","targetHints":{"allow":["GET"]}}],"collection":[{"href":"https:\/\/www.europesays.com\/ee\/wp-json\/wp\/v2\/posts"}],"about":[{"href":"https:\/\/www.europesays.com\/ee\/wp-json\/wp\/v2\/types\/post"}],"author":[{"embeddable":true,"href":"https:\/\/www.europesays.com\/ee\/wp-json\/wp\/v2\/users\/2"}],"replies":[{"embeddable":true,"href":"https:\/\/www.europesays.com\/ee\/wp-json\/wp\/v2\/comments?post=125438"}],"version-history":[{"count":0,"href":"https:\/\/www.europesays.com\/ee\/wp-json\/wp\/v2\/posts\/125438\/revisions"}],"wp:featuredmedia":[{"embeddable":true,"href":"https:\/\/www.europesays.com\/ee\/wp-json\/wp\/v2\/media\/125439"}],"wp:attachment":[{"href":"https:\/\/www.europesays.com\/ee\/wp-json\/wp\/v2\/media?parent=125438"}],"wp:term":[{"taxonomy":"category","embeddable":true,"href":"https:\/\/www.europesays.com\/ee\/wp-json\/wp\/v2\/categories?post=125438"},{"taxonomy":"post_tag","embeddable":true,"href":"https:\/\/www.europesays.com\/ee\/wp-json\/wp\/v2\/tags?post=125438"}],"curies":[{"name":"wp","href":"https:\/\/api.w.org\/{rel}","templated":true}]}}