{"id":125506,"date":"2026-03-10T12:17:09","date_gmt":"2026-03-10T12:17:09","guid":{"rendered":"https:\/\/www.europesays.com\/ee\/125506\/"},"modified":"2026-03-10T12:17:09","modified_gmt":"2026-03-10T12:17:09","slug":"ekkm-tahistab-20-hooaega-juubelitrukise-ja-naitusega-kunst","status":"publish","type":"post","link":"https:\/\/www.europesays.com\/ee\/125506\/","title":{"rendered":"EKKM t\u00e4histab 20. hooaega juubelitr\u00fckise ja -n\u00e4itusega | Kunst"},"content":{"rendered":"<p>Eesti Kaasaegse Kunsti Muuseum t\u00e4histab t\u00e4navu 20. tegutsemisaastat. Selleks puhuks on muuseumil kavas avada kolm n\u00e4itust ning anda v\u00e4lja ka \u00fcmmargusele t\u00e4htp\u00e4evale p\u00fchendatud tr\u00fckis.<\/p>\n<p>Juubelihooaja avapauguna tuuakse tagasi K\u00f6ler Prize. K\u00f6ler Prize&#8217;i asutas EKKM 2011. aastal, et populariseerida kaasaegset kunsti ning t\u00f5sta esile ja tunnustada kohalikul kunstiv\u00e4ljal silma paistvaid kunstnikke. Viimane, j\u00e4rjekorras seitsmes K\u00f6ler Prize toimus 2018. aastal, p\u00e4rast mida l\u00e4ks auhind pausile.\u00a0<\/p>\n<p>Aprillikuus avatavale nominentide n\u00e4itusele loovad viis eesti kunstnikku \u2013 Anna Mari Liivrand, Darja Popolitova, Hanna Samoson, Keiu Maasik, Taavi Suisalu \u2013 iga\u00fcks uue teose, mille p\u00f5hjal valib rahvusvaheline \u017e\u00fcrii peaauhinna laureaadi ning k\u00fclastajad otsustavad publikupreemia saaja.\u00a0<\/p>\n<p>2026. aastal on 15 000 euro suuruse peaauhinna sponsor indie-videom\u00e4ngude stuudio ZA\/UM. Publikupreemia summas 5000 eurot paneb v\u00e4lja advokaadib\u00fcroo COBALT. K\u00f6ler Prize&#8217;i suurprojektiga kaasneb kataloog, film ning auhinnagala. Film &#8220;Ekraaniproovid K\u00f6ler Prize&#8217;ile 2026&#8221; esilinastub kinos S\u00f5prus 24. aprillil.<\/p>\n<p>Suvel t\u00e4histatakse juubelit kollektiivselt kureeritud n\u00e4itusega muuseumi \u00f5ues. 24. juulil avaneva n\u00e4ituse, mis heidab pilgu nii EKKM-iks, aga ka laiemalt kunstiinstitutsiooniks olemisele, k\u00e4ivitavaks kujundiks on konnasilm.\u00a0Enamasti ebamugavus, millele ei saa t\u00e4helepanu p\u00f6\u00f6ramata j\u00e4tta, on samas organismi kaitsev\u00f5ime, mis v\u00e4ljendab vastupanu ja hoolivust.<\/p>\n<p>Juubelin\u00e4itusega saab majast ajutine monument EKKM-i senisele tegevusele ja kunstile, mida see 20 aastat on hoidnud.\u00a0N\u00e4itusel osalevad kunstnikud Eestist, Soomest, USA-st ja mujalt: Alexei Gordin, Bogna Luiza Wisniewska, Finnegan Shannon, Flo Kasearu, Mari M\u00f6ldre ja Margus Tammik, Taavi Piibemann jt.<\/p>\n<p>Septembri alguses avaldatakse ka mahukas juubelitr\u00fckis, mille on koostanud EKKM-i kuraator ja projektijuht Evelyn Raudsepp ja endine tegevjuht Marten Esko. Teose on disaininud Ott Metusala.<\/p>\n<p>EKKM-i 20. hooaja l\u00f5petab rahvusvaheline grupin\u00e4itus, mis teeb kaugek\u00f5ne L\u00e4his-Itta ning toob teiste seas fookusesse palestiina kunstnikud. N\u00e4ituse kuraator on Evelyn Raudsepp ning see s\u00fcnnib koost\u00f6\u00f6s kuraatoritega, keda Palestiina ja palestiinlaste diasporaa puudutab.<\/p>\n<p>N\u00e4itus kujuneb videointervjuude kaudu \u2013 t\u00e4helepanekutest ja m\u00f5tetest, mis saavad esile kerkida isiklikes ja intiimsetes vestlustes. N\u00e4itus liigub kuulmiselt kuulamisele: \u00fcldistavatelt uudisvoogudelt ja statistikatelt \u00fcksikute inimeste lugude ja kogemuste poole, kus kunst ja kultuur ilmnevad vastupanu ja vastupidamise, m\u00e4lu ja kujutlusv\u00f5ime kandjatena.<\/p>\n","protected":false},"excerpt":{"rendered":"Eesti Kaasaegse Kunsti Muuseum t\u00e4histab t\u00e4navu 20. tegutsemisaastat. Selleks puhuks on muuseumil kavas avada kolm n\u00e4itust ning anda&hellip;\n","protected":false},"author":2,"featured_media":125507,"comment_status":"","ping_status":"","sticky":false,"template":"","format":"standard","meta":{"footnotes":"","_share_on_mastodon":"0"},"categories":[16],"tags":[37,33,35,20945,173,34,36,140],"class_list":["post-125506","post","type-post","status-publish","format-standard","has-post-thumbnail","category-meelelahutus","tag-ee","tag-eesti","tag-eesti-keel","tag-ekkm","tag-entertainment","tag-estonia","tag-estonian","tag-meelelahutus"],"share_on_mastodon":{"url":"https:\/\/pubeurope.com\/@ee\/116204840073617312","error":""},"_links":{"self":[{"href":"https:\/\/www.europesays.com\/ee\/wp-json\/wp\/v2\/posts\/125506","targetHints":{"allow":["GET"]}}],"collection":[{"href":"https:\/\/www.europesays.com\/ee\/wp-json\/wp\/v2\/posts"}],"about":[{"href":"https:\/\/www.europesays.com\/ee\/wp-json\/wp\/v2\/types\/post"}],"author":[{"embeddable":true,"href":"https:\/\/www.europesays.com\/ee\/wp-json\/wp\/v2\/users\/2"}],"replies":[{"embeddable":true,"href":"https:\/\/www.europesays.com\/ee\/wp-json\/wp\/v2\/comments?post=125506"}],"version-history":[{"count":0,"href":"https:\/\/www.europesays.com\/ee\/wp-json\/wp\/v2\/posts\/125506\/revisions"}],"wp:featuredmedia":[{"embeddable":true,"href":"https:\/\/www.europesays.com\/ee\/wp-json\/wp\/v2\/media\/125507"}],"wp:attachment":[{"href":"https:\/\/www.europesays.com\/ee\/wp-json\/wp\/v2\/media?parent=125506"}],"wp:term":[{"taxonomy":"category","embeddable":true,"href":"https:\/\/www.europesays.com\/ee\/wp-json\/wp\/v2\/categories?post=125506"},{"taxonomy":"post_tag","embeddable":true,"href":"https:\/\/www.europesays.com\/ee\/wp-json\/wp\/v2\/tags?post=125506"}],"curies":[{"name":"wp","href":"https:\/\/api.w.org\/{rel}","templated":true}]}}