{"id":125684,"date":"2026-03-10T16:03:08","date_gmt":"2026-03-10T16:03:08","guid":{"rendered":"https:\/\/www.europesays.com\/ee\/125684\/"},"modified":"2026-03-10T16:03:08","modified_gmt":"2026-03-10T16:03:08","slug":"vehklemisliidu-presidendi-umbusaldamine-jai-ara-sest-uldkogu-kokku-kutsunud-liikmed-ei-ilmunud-kohale","status":"publish","type":"post","link":"https:\/\/www.europesays.com\/ee\/125684\/","title":{"rendered":"Vehklemisliidu presidendi umbusaldamine j\u00e4i \u00e4ra, sest \u00fcldkogu kokku kutsunud liikmed ei ilmunud kohale"},"content":{"rendered":"<p class=\"x_MsoNormal\">Novembris vehklemisliidu presidendiks saanud Eiche tulekuga p\u00fcsis lootus, et viimaks ometi saabub alaliidus kodurahu. Kuid ligikaudu kuu p\u00e4rast Eiche ametiaja algust oli k\u00f5ik j\u00e4lle endine.<\/p>\n<p class=\"x_MsoNormal\">Pinged kasvasid seoses 19. detsembri alaliidu juhatuse koosolekuga, kus Eiche tegi ettepaneku auditeerida epeenaiskonna rahalist seisu, sest koondise liikmed palusid seda. Kuid viiest juhatusse kuuluvast liikmest kolm polnud sellega n\u00f5us, soovides hoopis, et auditeeritaks kogu alaliidu rahaseisu.<\/p>\n<p class=\"x_MsoNormal\">Eiche j\u00e4i ikkagi selle juurde, et k\u00e4itub naiskonna soovide j\u00e4rgi. Ta t\u00f5i p\u00f5hjenduseks, et juhatuse liige Helen Nelis-Naukas, kes on naiskonna liikme Nelli Differti treener, pidanuks huvide konflikti t\u00f5ttu end h\u00e4\u00e4letuselt taandama. Ja kui juhatuse h\u00e4\u00e4led on viigis, saab otsustavaks presidendi arvamus.<\/p>\n<p class=\"x_MsoNormal\">Tekkinud konflikti j\u00e4rel asusid klubid allkirju koguma. L\u00f5puks saadi need kokku ning vehklemisliit kutsus erakorralise \u00fcldkogu kokku esialgu 20. jaanuaril. P\u00e4evakorras oli algselt kaks punkti: presidendi umbusaldamine ja uue valimine.<\/p>\n<p class=\"x_MsoNormal\">Kuid kuna p\u00e4evakorda t\u00e4iendati \u2013 juurde lisati \u00fclevaade Eesti ol\u00fcmpiakomitee (EOK) isikustatud toetusrahade kasutamisest \u2013 l\u00fckati \u00fcldkogu edasi 10. m\u00e4rtsile ehk t\u00e4nasele.<\/p>\n<p class=\"x_MsoNormal\">Vahepealsel ajal sai pika ootamise peale paika ka naiste epeekoondise peatreener, kelleks sai Katrina Lehise juhendaja Nikolai Novosjolov.<\/p>\n<p>Ent \u00fcldkogu ei toimunudki. \u00abOn kahetsusv\u00e4\u00e4rne, et umbusaldust taotlenud liikmed otsustasid ise \u00fcldkoosolekule mitte ilmuda,\u00bb nentis Eesti Vehklemisliidu president Alar Eiche pressiteate vahendusel. \u00abSelline k\u00e4itumine on lugupidamatu nende suhtes, kes tulid kohale ja soovisid liidu k\u00fcsimusi arutada.\u00bb<\/p>\n<p>Eiche j\u00e4tkas: \u00ab\u00dcldkoosolek on meie organisatsiooni k\u00f5rgeim otsustuskogu ning selle t\u00f6\u00f6 takistamine ei teeni Eesti vehklemise huve. Organisatsiooni juhtimises on oluline vastutustundlik ja konstruktiivne osalemine ning liikmete omavaheline lugupidamine. Liidu eesm\u00e4rk on tagada stabiilne ja l\u00e4bipaistev juhtimine ning keskenduda Eesti vehklemise arengule.\u00bb<\/p>\n<p class=\"x_MsoNormal\">Vastavalt Eesti vehklemisliidu p\u00f5hikirjale peab juhatus kolme n\u00e4dala jooksul kokku kutsuma uue \u00fcldkoosoleku sama p\u00e4evakorraga. J\u00e4rgmine \u00fcldkogu on p\u00e4dev otsuseid vastu v\u00f5tma, kui kohal on v\u00e4hemalt kaks liiget.<\/p>\n","protected":false},"excerpt":{"rendered":"Novembris vehklemisliidu presidendiks saanud Eiche tulekuga p\u00fcsis lootus, et viimaks ometi saabub alaliidus kodurahu. Kuid ligikaudu kuu p\u00e4rast&hellip;\n","protected":false},"author":2,"featured_media":125685,"comment_status":"","ping_status":"","sticky":false,"template":"","format":"standard","meta":{"footnotes":"","_share_on_mastodon":"0"},"categories":[18],"tags":[20657,37,33,35,16551,34,36,159,158,23961,6344],"class_list":["post-125684","post","type-post","status-publish","format-standard","has-post-thumbnail","category-sport","tag-alar-eiche","tag-ee","tag-eesti","tag-eesti-keel","tag-eesti-vehklemisliit","tag-estonia","tag-estonian","tag-sport","tag-sports","tag-umbusaldamine","tag-vehklemine"],"share_on_mastodon":{"url":"https:\/\/pubeurope.com\/@ee\/116205728897263644","error":""},"_links":{"self":[{"href":"https:\/\/www.europesays.com\/ee\/wp-json\/wp\/v2\/posts\/125684","targetHints":{"allow":["GET"]}}],"collection":[{"href":"https:\/\/www.europesays.com\/ee\/wp-json\/wp\/v2\/posts"}],"about":[{"href":"https:\/\/www.europesays.com\/ee\/wp-json\/wp\/v2\/types\/post"}],"author":[{"embeddable":true,"href":"https:\/\/www.europesays.com\/ee\/wp-json\/wp\/v2\/users\/2"}],"replies":[{"embeddable":true,"href":"https:\/\/www.europesays.com\/ee\/wp-json\/wp\/v2\/comments?post=125684"}],"version-history":[{"count":0,"href":"https:\/\/www.europesays.com\/ee\/wp-json\/wp\/v2\/posts\/125684\/revisions"}],"wp:featuredmedia":[{"embeddable":true,"href":"https:\/\/www.europesays.com\/ee\/wp-json\/wp\/v2\/media\/125685"}],"wp:attachment":[{"href":"https:\/\/www.europesays.com\/ee\/wp-json\/wp\/v2\/media?parent=125684"}],"wp:term":[{"taxonomy":"category","embeddable":true,"href":"https:\/\/www.europesays.com\/ee\/wp-json\/wp\/v2\/categories?post=125684"},{"taxonomy":"post_tag","embeddable":true,"href":"https:\/\/www.europesays.com\/ee\/wp-json\/wp\/v2\/tags?post=125684"}],"curies":[{"name":"wp","href":"https:\/\/api.w.org\/{rel}","templated":true}]}}