{"id":125694,"date":"2026-03-10T16:16:09","date_gmt":"2026-03-10T16:16:09","guid":{"rendered":"https:\/\/www.europesays.com\/ee\/125694\/"},"modified":"2026-03-10T16:16:09","modified_gmt":"2026-03-10T16:16:09","slug":"eesti-vehklemistsirkuse-uus-vaatus-presidenti-umbusaldanud-seltskond-ei-tulnud-uldkoosolekule-kohale","status":"publish","type":"post","link":"https:\/\/www.europesays.com\/ee\/125694\/","title":{"rendered":"Eesti vehklemistsirkuse uus vaatus: presidenti umbusaldanud seltskond ei tulnud \u00fcldkoosolekule kohale"},"content":{"rendered":"<p class=\"western\">\u201eArvasin, et olen Eesti vehklemises k\u00f5ike n\u00e4inud, aga selgub, et eksisin,\u201c \u00fctles \u00fcks aastak\u00fcmneid alaga tihedalt seotud endine tippu kuulunud sportlane, praegune treener. Ehk siis tsirkus on j\u00f5udnud uuele tasemele, aga ajab nutma, mitte naerma.<\/p>\n<p class=\"western\">Novembri alguses valiti Eesti vehklemisliidu uueks presidendiks vandeadvokaat, kunagine tippkarateka <a rel=\"noopener nofollow\" target=\"_blank\" href=\"https:\/\/www.delfi.ee\/teema\/96881217\/alar-eiche\" tag-id=\"96881217\">Alar Eiche<\/a>. L\u00e4ks m\u00f6\u00f6da veidi alla kahe kuu, kui alaliidu juhatuse kolm liiget viiest allkirjastas ametliku kirja tema umbusaldamiseks.<\/p>\n<p>Oled juba tellija?Logi sisse<\/p>\n<p><a href=\"https:\/\/sport.delfi.ee\/artikkel\/120441468\/eesti-vehklemistsirkuse-uus-vaatus-presidenti-umbusaldanud-seltskond-ei-tulnud-uldkoosolekule-kohale\/kommentaarid\" class=\"article-body-bottom__comment article-body-bottom__comment--write button button--primary button--size-auto\" rel=\"nofollow noopener\" target=\"_blank\"> Kommenteeri <\/a><a href=\"https:\/\/sport.delfi.ee\/artikkel\/120441468\/eesti-vehklemistsirkuse-uus-vaatus-presidenti-umbusaldanud-seltskond-ei-tulnud-uldkoosolekule-kohale\/kommentaarid\" class=\"article-body-bottom__comment article-body-bottom__comment--read button button--size-auto\" rel=\"nofollow noopener\" target=\"_blank\"> Loe kommentaare (9)<\/a><\/p>\n","protected":false},"excerpt":{"rendered":"\u201eArvasin, et olen Eesti vehklemises k\u00f5ike n\u00e4inud, aga selgub, et eksisin,\u201c \u00fctles \u00fcks aastak\u00fcmneid alaga tihedalt seotud endine&hellip;\n","protected":false},"author":2,"featured_media":125695,"comment_status":"","ping_status":"","sticky":false,"template":"","format":"standard","meta":{"footnotes":"","_share_on_mastodon":"0"},"categories":[18],"tags":[20657,37,33,28770,35,16551,34,36,159,158],"class_list":["post-125694","post","type-post","status-publish","format-standard","has-post-thumbnail","category-sport","tag-alar-eiche","tag-ee","tag-eesti","tag-eesti-epeenaiskond","tag-eesti-keel","tag-eesti-vehklemisliit","tag-estonia","tag-estonian","tag-sport","tag-sports"],"share_on_mastodon":{"url":"https:\/\/pubeurope.com\/@ee\/116205779841135506","error":""},"_links":{"self":[{"href":"https:\/\/www.europesays.com\/ee\/wp-json\/wp\/v2\/posts\/125694","targetHints":{"allow":["GET"]}}],"collection":[{"href":"https:\/\/www.europesays.com\/ee\/wp-json\/wp\/v2\/posts"}],"about":[{"href":"https:\/\/www.europesays.com\/ee\/wp-json\/wp\/v2\/types\/post"}],"author":[{"embeddable":true,"href":"https:\/\/www.europesays.com\/ee\/wp-json\/wp\/v2\/users\/2"}],"replies":[{"embeddable":true,"href":"https:\/\/www.europesays.com\/ee\/wp-json\/wp\/v2\/comments?post=125694"}],"version-history":[{"count":0,"href":"https:\/\/www.europesays.com\/ee\/wp-json\/wp\/v2\/posts\/125694\/revisions"}],"wp:featuredmedia":[{"embeddable":true,"href":"https:\/\/www.europesays.com\/ee\/wp-json\/wp\/v2\/media\/125695"}],"wp:attachment":[{"href":"https:\/\/www.europesays.com\/ee\/wp-json\/wp\/v2\/media?parent=125694"}],"wp:term":[{"taxonomy":"category","embeddable":true,"href":"https:\/\/www.europesays.com\/ee\/wp-json\/wp\/v2\/categories?post=125694"},{"taxonomy":"post_tag","embeddable":true,"href":"https:\/\/www.europesays.com\/ee\/wp-json\/wp\/v2\/tags?post=125694"}],"curies":[{"name":"wp","href":"https:\/\/api.w.org\/{rel}","templated":true}]}}