{"id":125742,"date":"2026-03-10T17:17:07","date_gmt":"2026-03-10T17:17:07","guid":{"rendered":"https:\/\/www.europesays.com\/ee\/125742\/"},"modified":"2026-03-10T17:17:07","modified_gmt":"2026-03-10T17:17:07","slug":"vehklemisliidu-uldkoosolek-presidendi-umbusaldamiseks-jai-ara-vehklemine","status":"publish","type":"post","link":"https:\/\/www.europesays.com\/ee\/125742\/","title":{"rendered":"Vehklemisliidu \u00fcldkoosolek presidendi umbusaldamiseks j\u00e4i \u00e4ra | Vehklemine"},"content":{"rendered":"<p>Teisip\u00e4evaks kokku kutsutud Eesti Vehklemisliidu \u00fcldkoosolek president Alar Eiche umbusaldamiseks j\u00e4i \u00e4ra, sest koosolekule ei ilmunud vajalik arv liikmeid.<\/p>\n<p>Vehklemisliit <a href=\"https:\/\/sport.err.ee\/1609851753\/eesti-vehklemine-sai-uue-juhi\" target=\"_blank\" rel=\"noopener nofollow\">valis<\/a> m\u00f6\u00f6dunud aasta novembris uueks presidendiks vandeadvokaat Alar Eiche, keda eelistati seni seda positsiooni t\u00e4itnud Peeter J\u00e4rvelaidile.<\/p>\n<p>Juba esimeste kuude jooksul <a href=\"https:\/\/sport.err.ee\/1609915303\/vehklemisliidu-peasekretar-peatreeneri-kusimusele-tuleb-leida-lahendus\" target=\"_blank\" rel=\"noopener nofollow\">tekkisid<\/a> alaliidus sisepinged, sest uus president soovis epeenaiskonna palvel l\u00e4bi viia auditi naiskonna rahalise seisu kohta, aga juhatuse liikmed leidsid, et auditit vajaks terve alaliit.<\/p>\n<p>Teisip\u00e4eval pidi toimuma vehklemisliidu \u00fcldkoosolek, kus oleks arutluse alla tulnud Eiche\u00a0umbusaldamine, kuid tulemata j\u00e4id k\u00f5ik juhatuse liikmed, kes algatasid umbusaldusavalduse Eiche vastu.<\/p>\n<p>&#8220;Selline k\u00e4itumine on lugupidamatu nende suhtes, kes tulid kohale ja soovisid liidu k\u00fcsimusi arutada,&#8221; kommenteeris Eiche pressiteate vahendusel.\u00a0<\/p>\n<p>&#8220;\u00dcldkoosolek on meie organisatsiooni k\u00f5rgeim otsustuskogu ning selle t\u00f6\u00f6 takistamine ei teeni Eesti vehklemise huve. Organisatsiooni juhtimises on oluline vastutustundlik ja konstruktiivne osalemine ning liikmete omavaheline lugupidamine. Liidu eesm\u00e4rk on tagada stabiilne ja l\u00e4bipaistev juhtimine ning keskenduda Eesti vehklemise arengule,&#8221; lisas ta.<\/p>\n<p>Pressiteates lisati, et vastavalt vehklemisliidu p\u00f5hikirjale peab juhatus kolme n\u00e4dala jooksul kokku kutsuma uue \u00fcldkoosoleku sama p\u00e4evakorraga ning see koosolek on p\u00e4dev otsuseid vastu v\u00f5tma kui sellel on esindatud v\u00e4hemalt kaks liiget.<\/p>\n","protected":false},"excerpt":{"rendered":"Teisip\u00e4evaks kokku kutsutud Eesti Vehklemisliidu \u00fcldkoosolek president Alar Eiche umbusaldamiseks j\u00e4i \u00e4ra, sest koosolekule ei ilmunud vajalik arv&hellip;\n","protected":false},"author":2,"featured_media":125743,"comment_status":"","ping_status":"","sticky":false,"template":"","format":"standard","meta":{"footnotes":"","_share_on_mastodon":"0"},"categories":[5],"tags":[20657,26,27,37,33,35,16551,34,36,31,32,21,28,29,19,25,23,24,22,20,30],"class_list":["post-125742","post","type-post","status-publish","format-standard","has-post-thumbnail","category-uldised-uudised","tag-alar-eiche","tag-breaking-news","tag-breakingnews","tag-ee","tag-eesti","tag-eesti-keel","tag-eesti-vehklemisliit","tag-estonia","tag-estonian","tag-featured-news","tag-featurednews","tag-headlines","tag-latest-news","tag-latestnews","tag-news","tag-populaarseimad-lood","tag-top-stories","tag-topstories","tag-uldised-uudised","tag-uudised","tag-viimased-uudised"],"share_on_mastodon":{"url":"https:\/\/pubeurope.com\/@ee\/116206019707250062","error":""},"_links":{"self":[{"href":"https:\/\/www.europesays.com\/ee\/wp-json\/wp\/v2\/posts\/125742","targetHints":{"allow":["GET"]}}],"collection":[{"href":"https:\/\/www.europesays.com\/ee\/wp-json\/wp\/v2\/posts"}],"about":[{"href":"https:\/\/www.europesays.com\/ee\/wp-json\/wp\/v2\/types\/post"}],"author":[{"embeddable":true,"href":"https:\/\/www.europesays.com\/ee\/wp-json\/wp\/v2\/users\/2"}],"replies":[{"embeddable":true,"href":"https:\/\/www.europesays.com\/ee\/wp-json\/wp\/v2\/comments?post=125742"}],"version-history":[{"count":0,"href":"https:\/\/www.europesays.com\/ee\/wp-json\/wp\/v2\/posts\/125742\/revisions"}],"wp:featuredmedia":[{"embeddable":true,"href":"https:\/\/www.europesays.com\/ee\/wp-json\/wp\/v2\/media\/125743"}],"wp:attachment":[{"href":"https:\/\/www.europesays.com\/ee\/wp-json\/wp\/v2\/media?parent=125742"}],"wp:term":[{"taxonomy":"category","embeddable":true,"href":"https:\/\/www.europesays.com\/ee\/wp-json\/wp\/v2\/categories?post=125742"},{"taxonomy":"post_tag","embeddable":true,"href":"https:\/\/www.europesays.com\/ee\/wp-json\/wp\/v2\/tags?post=125742"}],"curies":[{"name":"wp","href":"https:\/\/api.w.org\/{rel}","templated":true}]}}