{"id":126031,"date":"2026-03-11T05:56:06","date_gmt":"2026-03-11T05:56:06","guid":{"rendered":"https:\/\/www.europesays.com\/ee\/126031\/"},"modified":"2026-03-11T05:56:06","modified_gmt":"2026-03-11T05:56:06","slug":"kaljulaid-peab-michali-maga-kriitikat-veaks-eesti","status":"publish","type":"post","link":"https:\/\/www.europesays.com\/ee\/126031\/","title":{"rendered":"Kaljulaid peab Michali MAGA-kriitikat veaks | Eesti"},"content":{"rendered":"<p>Peaminister Kristen Michali (Reformierakond) s\u00f5nad, et Eesti on k\u00fcll Ameerika \u00dchendriikide liitlane, aga ei toeta USA presidendi Donald Trumpi propageeritavat MAGA-ideoloogiat, on viga, leiab riigikogu opositsiooni liige, sotsiaaldemokraat Raimond Kaljulaid.<\/p>\n<p>&#8220;Trumpile isiklikult ja tema juhitavale poliitilisele liikumisele sellisel viisil avalikult vastandumine Eesti peaministri poolt on v\u00e4lispoliitiline viga. Mitte lihtsalt viga, vaid suur viga,&#8221; kirjutas riigikaitsekomisjoni liige Kaljulaid teisip\u00e4eva \u00f5htul sotsiaalmeedias.<\/p>\n<p><a href=\"https:\/\/www.err.ee\/1609963577\/michali-sonul-on-eesti-usa-liitlane-aga-mitte-maga-ideoloogias\" target=\"_blank\" rel=\"noopener nofollow\">Michal \u00fctles teisip\u00e4eval Vikerraadio saates &#8220;Stuudios on peaminister&#8221;,<\/a> et ei n\u00f5ustu USA konservatiivse liikumise Make America Great Again (Teeme Ameerika uuesti v\u00f5imsaks, l\u00fch. MAGA) seisukohtadega ning andis m\u00f5ista, et neid edendavad Eestis praegused opositsioonierakonnad EKRE, Isamaa ja Keskerakond.<\/p>\n<p>&#8220;Reformierakond on oma olemuselt l\u00e4\u00e4nelik, tugeva Euroopa, hea transatlantilise suhte poolt, aga seda MAGA-ideoloogiat me peame kindlasti eristama sellest \u2013 see kindlasti ei ole kandev ideoloogia siin Euroopas, Eestis,&#8221; r\u00f5hutas Michal.<\/p>\n<p>Kaljulaidi hinnangul on ka sellise seisukoha v\u00e4ljendamise ajastus m\u00e4rgiline: &#8220;Alles hiljuti toetas USA kongress Eestile julgeolekuabi andmist. V\u00e4ga eba\u00f5nnestunud hetk ehitada sisepoliitilist v\u00e4\u00e4rtuskonflikti USA-Eesti suhete teljele.&#8221;<\/p>\n<p>Kaljulaidi s\u00f5nul on iseenesestm\u00f5istetav, et Reformierakond neoliberaalse erakonnana ei samastu USA konservatiividega, kuid tema hinnangul ei ole \u00fchtegi p\u00f5hjust, miks Eesti peaminister peaks eraldi r\u00f5hutama, et tema isiklikult ning Eesti tervikuna on vastanduv sellele, mida USA konservatiivid peavad hetkel enda baasvalijale k\u00f5ige olulisemateks v\u00e4\u00e4rtusteks ja hoiakuteks.<\/p>\n<p>&#8220;Isik, kes on selles (peaministri &#8211; toim.) ametis, peab l\u00e4htuma riiklikest huvidest ja Eesti riiklikes huvides ei ole USA presidendi, asepresidendi, kaitseministri ning arvukate m\u00f5jukate ametiisikute maailmavaate halvustamine,&#8221; r\u00f5hutas Kaljulaid. &#8220;Eesti v\u00e4lispoliitikas peaks olema elementaarne, et me ei v\u00f5ta teiste riikide sisepoliitikas pooli,&#8221; r\u00f5hutas ta.<\/p>\n<p>Kaljulaidi s\u00f5nul tuleb diplomaatias otsida liitlastega \u00fchisosa ja ehitada sildu, mitte otsida &#8220;v\u00f5imalusi teist poolt kuidagi alandada v\u00f5i solvata&#8221;.<\/p>\n<p>&#8220;Sisuliselt \u00fctleb ju peaminister, et praeguse USA presidendi aetav poliitika on Reformierakonna jaoks k\u00fcsitava v\u00e4\u00e4rtusega ning eemalet\u00f5ukav. Miks peaks USA k\u00f5rge poliitiline juhtkond, kes esindab seda maailmavaadet, peale sellist arusaamatut retoorilist r\u00fcnnakut suhtuma meisse edaspidi erilise m\u00f5istmisega?&#8221; k\u00fcsis ta.<\/p>\n<p>&#8220;Mida v\u00f5idab Eesti sellest, et me valitsusjuhi tasemel nendele inimestele \u00fctleme, et meie jaoks on USA president ja tema vaated valed? Kas te kujutaksite ette meie naaberriigi presidenti [Alexander] Stubbi sellisel viisil portselanipoodi tormamas ja sealseid vitriine pikali t\u00f5mbamas? Loomulikult mitte,&#8221; j\u00e4tkas ta.<\/p>\n<p>&#8220;Loomulikult see avaldus polnud juhus. See on Reformierakonna strateegiline valik visata USA-Eesti kahepoolsed suhted pr\u00fcgikasti, et saada veidi feimi (t\u00e4helepanu &#8211; toim.) ja v\u00f5tta punkt. Mis punkti nad sellest loodavad saada, j\u00e4\u00e4b mulle siiralt m\u00f5istatuseks,&#8221; l\u00f5petas Kaljulaid.<\/p>\n","protected":false},"excerpt":{"rendered":"Peaminister Kristen Michali (Reformierakond) s\u00f5nad, et Eesti on k\u00fcll Ameerika \u00dchendriikide liitlane, aga ei toeta USA presidendi Donald&hellip;\n","protected":false},"author":2,"featured_media":126032,"comment_status":"","ping_status":"","sticky":false,"template":"","format":"standard","meta":{"footnotes":"","_share_on_mastodon":"0"},"categories":[80],"tags":[26,27,324,37,33,35,27671,34,36,31,32,21,646,28,29,95,22814,19,25,4121,23,24,22,57951,20,30,92,93,94],"class_list":["post-126031","post","type-post","status-publish","format-standard","has-post-thumbnail","category-maailm","tag-breaking-news","tag-breakingnews","tag-donald-trump","tag-ee","tag-eesti","tag-eesti-keel","tag-eesti-usa-suhted","tag-estonia","tag-estonian","tag-featured-news","tag-featurednews","tag-headlines","tag-kristen-michal","tag-latest-news","tag-latestnews","tag-maailm","tag-maga","tag-news","tag-populaarseimad-lood","tag-raimond-kaljulaid","tag-top-stories","tag-topstories","tag-uldised-uudised","tag-usa-poliitika","tag-uudised","tag-viimased-uudised","tag-world","tag-world-news","tag-worldnews"],"share_on_mastodon":{"url":"https:\/\/pubeurope.com\/@ee\/116209004256503498","error":""},"_links":{"self":[{"href":"https:\/\/www.europesays.com\/ee\/wp-json\/wp\/v2\/posts\/126031","targetHints":{"allow":["GET"]}}],"collection":[{"href":"https:\/\/www.europesays.com\/ee\/wp-json\/wp\/v2\/posts"}],"about":[{"href":"https:\/\/www.europesays.com\/ee\/wp-json\/wp\/v2\/types\/post"}],"author":[{"embeddable":true,"href":"https:\/\/www.europesays.com\/ee\/wp-json\/wp\/v2\/users\/2"}],"replies":[{"embeddable":true,"href":"https:\/\/www.europesays.com\/ee\/wp-json\/wp\/v2\/comments?post=126031"}],"version-history":[{"count":0,"href":"https:\/\/www.europesays.com\/ee\/wp-json\/wp\/v2\/posts\/126031\/revisions"}],"wp:featuredmedia":[{"embeddable":true,"href":"https:\/\/www.europesays.com\/ee\/wp-json\/wp\/v2\/media\/126032"}],"wp:attachment":[{"href":"https:\/\/www.europesays.com\/ee\/wp-json\/wp\/v2\/media?parent=126031"}],"wp:term":[{"taxonomy":"category","embeddable":true,"href":"https:\/\/www.europesays.com\/ee\/wp-json\/wp\/v2\/categories?post=126031"},{"taxonomy":"post_tag","embeddable":true,"href":"https:\/\/www.europesays.com\/ee\/wp-json\/wp\/v2\/tags?post=126031"}],"curies":[{"name":"wp","href":"https:\/\/api.w.org\/{rel}","templated":true}]}}