{"id":126103,"date":"2026-03-11T07:55:31","date_gmt":"2026-03-11T07:55:31","guid":{"rendered":"https:\/\/www.europesays.com\/ee\/126103\/"},"modified":"2026-03-11T07:55:31","modified_gmt":"2026-03-11T07:55:31","slug":"zahovaiko-vere-hinnaga-penalti-teeninud-lehtmetsa-traumast-kui-homme-pole-silmi-naha-tuleb-minna-arsti-juurde-post-pingutusega-jaan-rahule-soccernet-ee","status":"publish","type":"post","link":"https:\/\/www.europesays.com\/ee\/126103\/","title":{"rendered":"Zahovaiko vere hinnaga penalti teeninud Lehtmetsa traumast: kui homme pole silmi n\u00e4ha, tuleb minna arsti juurde! (Post: pingutusega j\u00e4\u00e4n rahule) &#8211; Soccernet.ee"},"content":{"rendered":"<p><a href=\"https:\/\/soccernet.ee\/fotod\/fci-levadia-fc-kuressaare\" rel=\"nofollow noopener\" target=\"_blank\"><img decoding=\"async\" src=\"https:\/\/www.europesays.com\/ee\/wp-content\/uploads\/2026\/03\/1772980303.jpg\" alt=\"Vjat\u0161eslav Zahovaiko (keskel) ja Levadia treeneritetiim alustasid hooaega soovitud moel. Foto: Anna Andreas\"\/><\/a>&#13;\n<\/p>\n<p>Tallinna FCI Levadia peatreener Vjat\u0161eslav Zahovaiko lausus p\u00e4rast Premium liiga avavoorus Kuressaare \u00fcle saadud 2:0 v\u00f5itu, et talvise rooste mahalihvimise v\u00f5ib suures plaanis lugeda \u00f5nnestunuks.<\/p>\n<p>&#8220;Esimene voor on alati k\u00f5igil \u00e4revust t\u00e4is. Meil pole olnud head m\u00e4ngur\u00fctmi, see natuke segas,&#8221; t\u00f5des Zahovaiko Soccernet.ee-ga vesteldes. Levadia pidas viimase ametliku kontrollm\u00e4ngu 14. veebruaril Floraga, j\u00e4rgnenud n\u00e4dalate jooksul olid ainsateks v\u00f5istlusm\u00e4ngule sarnaseks heitluseks omavahel korraldatud kohtumised. &#8220;Hea, kui m\u00e4ngur\u00fctm on jalgades. Aga kui tekib pikem paus, tekivad v\u00e4ikesed probleemid sissesulamisega. \u00dcldpildis tulime sellega h\u00e4sti toime,&#8221;\u00a0&#13;\n<\/p>\n<p>&#8220;Aga \u00fcldpilt on paljulubav. Suutsime tagala korras hoida, saame preemiaks kolm punkti, mille nimel terve m\u00e4ngu vaeva n\u00e4gime. Kohati kontrollisime m\u00e4ngu, vahepeal l\u00e4ks episoodiliselt ka Kure k\u00e4tte, sest ega k\u00f5ike ei olegi v\u00f5imalik ohjes hoida. N\u00e4gin h\u00e4sti palju positiivseid asju, aga n\u00e4gin ka seda, et r\u00fcnnakufaasis peame tegema j\u00e4tkuvalt t\u00f6\u00f6d l\u00f5pp-produkti saavutamisel. V\u00e4rava ette j\u00f5uame, realiseerimisprotsenti on vaja t\u00f5sta,&#8221; t\u00f5des Zahovaiko.&#13;\n<\/p>\n<p>Levadia pingil oli seekord ainult kuus varum\u00e4ngijat. Kuhu j\u00e4id n\u00e4iteks Wendell, Robert Kirss ja Joao Pedro? &#8220;Muidugi me tunneme neist puudust ja ootame neid tagasi. Tahaks loota, et j\u00e4rgmise paari n\u00e4dala jooksul on m\u00f5ni neist rivis ja saame trumpe juurde,&#8221; lausus Zahovaiko vigastust ravivate r\u00fcndajate kohta.<\/p>\n<p>J\u00e4rgmises voorus seega kolmikust kedagi platsil ei n\u00e4e? &#8220;Ma ei taha kindlat ei-d \u00f6elda! Mine sa tea. Meie ravijate k\u00e4ed on nii v\u00f5imsad, et see selgub j\u00e4rgmise n\u00e4dala jooksul,&#8221; muigas Zahovaiko.&#13;\n<\/p>\n<p>\u00d5nnetult l\u00e4ks Gregor Lehtmetsal, kes p\u00e4\u00e4ses 75. minutil platsile, ent sai vaid paar minutit hiljem vastaselt karistusalas \u00f5nnetu jalahoobi n\u00e4kku. Teenitud penaltist l\u00f5i Maksimilian Skvortsov 2:0 v\u00e4rava ja kindlustas Levadia v\u00f5idu, Lehtmets pidi aga uuesti v\u00e4ljaku k\u00f5rvale astuma ja tema asemele tuli Aleksandr \u0160vedovski.&#13;\n<\/p>\n<p><a href=\"https:\/\/soccernet.ee\/fotod\/fci-levadia-fc-kuressaare\" rel=\"nofollow noopener\" target=\"_blank\"><img decoding=\"async\" src=\"https:\/\/www.europesays.com\/ee\/wp-content\/uploads\/2026\/03\/1772980384.jpg\" alt=\"Maksimilian Skvortsov on \u00e4sja realiseerinud penalti ja Levadia r\u00f5\u00f5mustab. Taamal tohterdavad arstid Gregor Lehtmetsa. Foto: Anna Andreas\"\/><\/a>&#13;\n<\/p>\n<p>&#8220;\u00dchtpidi olen tema \u00fcle \u00f5nnelik ja teisalt muidugi kurb. Ta on kaks kuud imeliselt t\u00f6\u00f6d teinud, trennides silma paistnud ja v\u00e4\u00e4rib alati minuteid,&#8221; lausus Zahovaiko ka mullu vigastustega h\u00e4das olnud ja l\u00f5puks vaid hooaja kahes viimases voorus platsile p\u00e4\u00e4senud mehe kohta. &#8220;T\u00e4na v\u00f5imalus avanes, aga nii \u00f5nnetult, et pidime kohe vahetuse tegema. Samas statistika on positiivne &#8211; tuli, teenis penalti, aga mis hinnaga? Vere hinnaga!&#8221;<\/p>\n<p>Kui pikaks Lehtmetsa sunnitud paus v\u00f5iks kujuneda, ei osanud Zahovaiko veel \u00f6elda. &#8220;\u00dclevaatuse j\u00e4rel tundus, et rohkem arstiabi ta ei vaja. Aga traumade puhul n\u00e4itab alati j\u00e4rgmine p\u00e4ev selget pilti. Kui silmi pole homme n\u00e4ha, tuleb minna arsti juurde!&#8221; naljatas ta. &#8220;Ise tahtis ta k\u00fcll m\u00e4ngida, n\u00e4lg on nii suur. Ma usun k\u00fcll, et j\u00e4rgmisel n\u00e4dalal on ta valmis.&#8221;&#13;\n<\/p>\n<p>Kuressaare peatreener Sander Post s\u00f5nas, et kaotusest hoolimata on ta hooaja aval\u00f6\u00f6giga rahul. &#8220;Pingutasime! Levadia oli ja on selgelt tugev v\u00f5istkond. Proovisime nii h\u00e4sti kui suutsime ja usun, et l\u00e4heme m\u00e4ng-m\u00e4ngult paremaks. Asju on ikka, mida peab parandama. Me ei saanud ettevalmistuse ajal nii tugevat vastast. Ettekujutust polnud ja r\u00e4\u00e4kides on seda keeruline teha. \u00d5ppimiskohti on omajagu.&#8221;&#13;\n<\/p>\n<p>Kaitset\u00f6\u00f6d pidas Post pigem \u00f5nnestunuks. &#8220;Mingid kohad on, kus saanuks paremini. Levadial on osavad ja individuaalselt meile ohtlikud m\u00e4ngijad. Meil on palju uusi mehi ja kokkum\u00e4ng on kindlasti suur asi, millega t\u00f6\u00f6d teha. Aga oleme siiani teinud ka.&#8221;&#13;\n<\/p>\n<p>R\u00fcnnakul suutis Kuressaare tekitada paar head v\u00f5imalust, kuid &#8230; &#8220;Need tuleb \u00e4ra ka realiseerida, kui tahame mingit tulemust n\u00e4ha,&#8221; t\u00f5des Post. &#8220;Sellises m\u00e4ngus neid palju ei tule. Aga nagu \u00f6eldud, pingutusega olen rahul &#8211; andsime endast maksimumi, tuleb lihtsalt Levadia tugevust tunnistada. Nad olid t\u00e4na paremad.&#8221;<\/p>\n","protected":false},"excerpt":{"rendered":"&#13; Tallinna FCI Levadia peatreener Vjat\u0161eslav Zahovaiko lausus p\u00e4rast Premium liiga avavoorus Kuressaare \u00fcle saadud 2:0 v\u00f5itu, et&hellip;\n","protected":false},"author":2,"featured_media":126104,"comment_status":"","ping_status":"","sticky":false,"template":"","format":"standard","meta":{"footnotes":"","_share_on_mastodon":"0"},"categories":[18],"tags":[37,33,35,34,36,1572,456,16093,1358,8008,167,8158,159,158,29616,30431],"class_list":["post-126103","post","type-post","status-publish","format-standard","has-post-thumbnail","category-sport","tag-ee","tag-eesti","tag-eesti-keel","tag-estonia","tag-estonian","tag-fci-levadia","tag-kuressaare","tag-lehtmets","tag-levadia","tag-post","tag-premium-liiga","tag-sander-post","tag-sport","tag-sports","tag-vjatseslav-zahovaiko","tag-zahovaiko"],"share_on_mastodon":{"url":"https:\/\/pubeurope.com\/@ee\/116209472226451193","error":""},"_links":{"self":[{"href":"https:\/\/www.europesays.com\/ee\/wp-json\/wp\/v2\/posts\/126103","targetHints":{"allow":["GET"]}}],"collection":[{"href":"https:\/\/www.europesays.com\/ee\/wp-json\/wp\/v2\/posts"}],"about":[{"href":"https:\/\/www.europesays.com\/ee\/wp-json\/wp\/v2\/types\/post"}],"author":[{"embeddable":true,"href":"https:\/\/www.europesays.com\/ee\/wp-json\/wp\/v2\/users\/2"}],"replies":[{"embeddable":true,"href":"https:\/\/www.europesays.com\/ee\/wp-json\/wp\/v2\/comments?post=126103"}],"version-history":[{"count":0,"href":"https:\/\/www.europesays.com\/ee\/wp-json\/wp\/v2\/posts\/126103\/revisions"}],"wp:featuredmedia":[{"embeddable":true,"href":"https:\/\/www.europesays.com\/ee\/wp-json\/wp\/v2\/media\/126104"}],"wp:attachment":[{"href":"https:\/\/www.europesays.com\/ee\/wp-json\/wp\/v2\/media?parent=126103"}],"wp:term":[{"taxonomy":"category","embeddable":true,"href":"https:\/\/www.europesays.com\/ee\/wp-json\/wp\/v2\/categories?post=126103"},{"taxonomy":"post_tag","embeddable":true,"href":"https:\/\/www.europesays.com\/ee\/wp-json\/wp\/v2\/tags?post=126103"}],"curies":[{"name":"wp","href":"https:\/\/api.w.org\/{rel}","templated":true}]}}