{"id":126107,"date":"2026-03-11T07:58:14","date_gmt":"2026-03-11T07:58:14","guid":{"rendered":"https:\/\/www.europesays.com\/ee\/126107\/"},"modified":"2026-03-11T07:58:14","modified_gmt":"2026-03-11T07:58:14","slug":"algatati-perehuvitiste-seaduse-muudatus-mis-toob-alampalga-tousu-kiiremini-vanemahuvitisse","status":"publish","type":"post","link":"https:\/\/www.europesays.com\/ee\/126107\/","title":{"rendered":"Algatati pereh\u00fcvitiste seaduse muudatus, mis toob alampalga t\u00f5usu kiiremini vanemah\u00fcvitisse"},"content":{"rendered":"<p>        <img width=\"1200\" height=\"675\" src=\"https:\/\/www.europesays.com\/ee\/wp-content\/uploads\/2026\/03\/fa90356e8ac767438b8a1f281469859a.jpg\" class=\"img-fluid wp-post-image\" alt=\"\" itemprop=\"thumbnailUrl\" data-zoom-src=\"https:\/\/www.europesays.com\/ee\/wp-content\/uploads\/2026\/03\/fa90356e8ac767438b8a1f281469859a.jpg\" decoding=\"async\" fetchpriority=\"high\"  \/><\/p>\n<p>  &#8220;T\u00e4navu j\u00f5uti alamapalga m\u00e4\u00e4ras kokkuleppele tavap\u00e4rasest, 1. jaanuarist hiljem, mist\u00f5ttu on vaja seadusemuudatust, mis tagaks suurema vanemah\u00fcvitise juba aprillikuu eest,&#8221; selgitab eeln\u00f5u algatamist sotsiaalkomisjoni esimees\u00a0Signe Riisalo.  Foto: Erik Peinar, Riigikogu  <\/p>\n<p>              PRO tellijale<\/p>\n<p>Riigikogu sotsiaalkomisjon algatas pereh\u00fcvitiste seaduse muutmise eeln\u00f5u, millega soovitakse siduda vanemah\u00fcvitise miinimumm\u00e4\u00e4r paindlikumalt t\u00f6\u00f6tasu alamm\u00e4\u00e4ra muutusega. Muudatuse eesm\u00e4rk on tagada, et alampalga t\u00f5us j\u00f5uaks vanemah\u00fcvitisse kiiremini ning parandaks lastega perede majanduslikku toimetulekut.<\/p>\n<p>Kehtiva \u00f5iguse kohaselt on \u00fche kalendrikuu vanemah\u00fcvitise m\u00e4\u00e4r eelmise kalendriaasta 1. jaanuaril kehtinud t\u00f6\u00f6tasu alamm\u00e4\u00e4r. Vanemah\u00fcvitise \u00fcmberarvutamine nendel vanemah\u00fcvitise saajatel, kes saavad seda t\u00f6\u00f6tasu alamm\u00e4\u00e4ras, toimub \u00fcks kord kalendriaastas 1. jaanuaril. <\/p>\n<p>T\u00e4navu j\u00f5udsid Eesti Ameti\u00fchingute Keskliit ja Eesti T\u00f6\u00f6andjate Keskliit alampalga kokkuleppeni tavap\u00e4rasest hiljem ning <a href=\"https:\/\/rmp.geenius.ee\/uudised\/toooigus-uudised\/tooandjad-ja-ametiuhingud-ei-joudnud-miinimumpalga-osas-kokkuleppele-jatkates-riikliku-lepitaja-vahendusel\/\" target=\"_blank\" rel=\"noreferrer noopener nofollow\">uus t\u00f6\u00f6tasu alamm\u00e4\u00e4r<\/a> hakkab kehtima 1. aprillist 2026. Kehtiva seaduse j\u00e4rgi j\u00f5uaks selle m\u00f5ju vanemah\u00fcvitise miinimumm\u00e4\u00e4rani alles j\u00e4rgmise aasta alguses.<\/p>\n<p class=\"text-center haas small\">See lugu on PRO tellijatele.<\/p>\n<ul class=\"small pl-4\">\n<li>Ligip\u00e4\u00e4s PRO portaalidele (RMP, \u00c4ri, DigiPro, Rikas ja E-kaubandus).<\/li>\n<li>\u00dcle 2000 raamatupidaja t\u00f6\u00f6ks vajaliku jooksvalt ajakohastatud t\u00f6\u00f6riista, juhendi ja n\u00f5uande (sealhulgas \u00fcle 50 abitabeli).<\/li>\n<li class=\"WPT7ge\">RMP toimetuse <a href=\"https:\/\/rmp.geenius.ee\/koolituskalender\/valdkonnad\/koolitusfirmad\/rmp-eesti\/\" target=\"_blank\" rel=\"noopener nofollow\">korraldatud koolitustele<\/a> soodustus v\u00e4hemalt 25 eurot.<\/li>\n<li class=\"WPT7ge\">Ligip\u00e4\u00e4su Geeniuse seitsme teemaportaali tasulisele sisule.<\/li>\n<li class=\"WPT7ge\">Ajakirjade Autoleht, Autoleht Ekstra ja Digi artiklite lugemis\u00f5igust veebis.<\/li>\n<li class=\"WPT7ge\">Ajakirja Digi paberv\u00e4ljaannet. Selle saamiseks saada palun oma aadress aadressile <a href=\"https:\/\/rmp.geenius.ee\/cdn-cgi\/l\/email-protection\" class=\"__cf_email__\" data-cfemail=\"d1a5b4bdbdb891b6b4b4bfb8a4a2ffb4b4\" rel=\"nofollow noopener\" target=\"_blank\">[email\u00a0protected]<\/a>. Paberajakirja saad tellida ainult Eesti aadressile.<\/li>\n<\/ul>\n<p class=\"text-center haas small pb-4 mb-0\">Soovid maksta arvega, teha hulgitellimuse v\u00f5i otsid teistsugust tellimust?<br \/>\n              <a href=\"https:\/\/rmp.geenius.ee\/tellimine\/\" rel=\"nofollow noopener\" target=\"_blank\">K\u00f5ik tellimisv\u00f5imalused leiad siit.<\/a>\n          <\/p>\n<p class=\"mb-2\">Telli finantsvaldkonna uudised oma postkasti! Kolmap\u00e4eviti saadetav RMP N\u00e4dalakiri sisaldab raamatupidamise, maksunduse ja t\u00f6\u00f6\u00f5iguse uudiseid, spetsialistide artikleid, seadusemuudatusi, n\u00f5uandeid jpm.<\/p>\n<p>                    <img width=\"400\" height=\"379\" src=\"https:\/\/www.europesays.com\/ee\/wp-content\/uploads\/2025\/11\/fb51a5997136b6a5e7241366060c27f8.jpg\" class=\"img-fluid align-self-center\" alt=\"\" decoding=\"async\" loading=\"lazy\"  \/><\/p>\n<p class=\"pais rmp\">Samal teemal<\/p>\n<p>          <a href=\"https:\/\/rmp.geenius.ee\/uudised\/toooigus-uudised\/tooandjad-ja-ametiuhingud-ei-joudnud-miinimumpalga-osas-kokkuleppele-jatkates-riikliku-lepitaja-vahendusel\/\" rel=\"nofollow noopener\" target=\"_blank\"><\/p>\n<p>                <img width=\"360\" height=\"203\" src=\"https:\/\/www.europesays.com\/ee\/wp-content\/uploads\/2026\/03\/129623e5b4fe2ef76d086c18ed4f277a-360x203.jpg\" class=\"img-fluid wp-post-image\" alt=\"\" itemprop=\"thumbnailUrl\" decoding=\"async\" loading=\"lazy\"  \/>              <\/p>\n<p>          <\/a><\/p>\n<p>          <a href=\"https:\/\/rmp.geenius.ee\/toooigus\/tootasu-ja-maksustamine\/alampalgaga-tootaja-tootasu-suurus-kui-2026-aasta-miinimumpalk-on-veel-kinnitamata\/\" rel=\"nofollow noopener\" target=\"_blank\"><\/p>\n<p>                <img width=\"360\" height=\"203\" src=\"https:\/\/www.europesays.com\/ee\/wp-content\/uploads\/2026\/03\/3646eb1d2b7c2e6ec667ef1e13211bb7-360x203.jpg\" class=\"img-fluid wp-post-image\" alt=\"\" itemprop=\"thumbnailUrl\" decoding=\"async\" loading=\"lazy\"  \/>              <\/p>\n<p>          <\/a><\/p>\n<p>          <a href=\"https:\/\/rmp.geenius.ee\/toooigus\/tls\/abitabelid\/\" rel=\"nofollow noopener\" target=\"_blank\"><\/p>\n<p>                <img width=\"360\" height=\"203\" src=\"https:\/\/www.europesays.com\/ee\/wp-content\/uploads\/2026\/03\/127fee6288151be93f951cb881487b48-360x203.jpg\" class=\"img-fluid wp-post-image\" alt=\"K\u00e4si Laptop Arvuti Otsing Otsima\" itemprop=\"thumbnailUrl\" decoding=\"async\" loading=\"lazy\"  \/>              <\/p>\n<p>          <\/a><\/p>\n","protected":false},"excerpt":{"rendered":"&#8220;T\u00e4navu j\u00f5uti alamapalga m\u00e4\u00e4ras kokkuleppele tavap\u00e4rasest, 1. jaanuarist hiljem, mist\u00f5ttu on vaja seadusemuudatust, mis tagaks suurema vanemah\u00fcvitise juba&hellip;\n","protected":false},"author":2,"featured_media":126108,"comment_status":"","ping_status":"","sticky":false,"template":"","format":"standard","meta":{"footnotes":"","_share_on_mastodon":"0"},"categories":[12],"tags":[5669,26,27,37,33,35,34,36,31,32,21,28,29,19,57977,57978,25,25917,23,24,22,20,23479,23480,30],"class_list":["post-126107","post","type-post","status-publish","format-standard","has-post-thumbnail","category-eesti","tag-alampalk","tag-breaking-news","tag-breakingnews","tag-ee","tag-eesti","tag-eesti-keel","tag-estonia","tag-estonian","tag-featured-news","tag-featurednews","tag-headlines","tag-latest-news","tag-latestnews","tag-news","tag-perehuvitis","tag-perehuvitiste-seadus","tag-populaarseimad-lood","tag-tootasu-alammaar","tag-top-stories","tag-topstories","tag-uldised-uudised","tag-uudised","tag-vanemahuvitis","tag-vanemahuvitise-piirmaar","tag-viimased-uudised"],"share_on_mastodon":{"url":"https:\/\/pubeurope.com\/@ee\/116209483968513228","error":""},"_links":{"self":[{"href":"https:\/\/www.europesays.com\/ee\/wp-json\/wp\/v2\/posts\/126107","targetHints":{"allow":["GET"]}}],"collection":[{"href":"https:\/\/www.europesays.com\/ee\/wp-json\/wp\/v2\/posts"}],"about":[{"href":"https:\/\/www.europesays.com\/ee\/wp-json\/wp\/v2\/types\/post"}],"author":[{"embeddable":true,"href":"https:\/\/www.europesays.com\/ee\/wp-json\/wp\/v2\/users\/2"}],"replies":[{"embeddable":true,"href":"https:\/\/www.europesays.com\/ee\/wp-json\/wp\/v2\/comments?post=126107"}],"version-history":[{"count":0,"href":"https:\/\/www.europesays.com\/ee\/wp-json\/wp\/v2\/posts\/126107\/revisions"}],"wp:featuredmedia":[{"embeddable":true,"href":"https:\/\/www.europesays.com\/ee\/wp-json\/wp\/v2\/media\/126108"}],"wp:attachment":[{"href":"https:\/\/www.europesays.com\/ee\/wp-json\/wp\/v2\/media?parent=126107"}],"wp:term":[{"taxonomy":"category","embeddable":true,"href":"https:\/\/www.europesays.com\/ee\/wp-json\/wp\/v2\/categories?post=126107"},{"taxonomy":"post_tag","embeddable":true,"href":"https:\/\/www.europesays.com\/ee\/wp-json\/wp\/v2\/tags?post=126107"}],"curies":[{"name":"wp","href":"https:\/\/api.w.org\/{rel}","templated":true}]}}