{"id":126326,"date":"2026-03-11T12:15:09","date_gmt":"2026-03-11T12:15:09","guid":{"rendered":"https:\/\/www.europesays.com\/ee\/126326\/"},"modified":"2026-03-11T12:15:09","modified_gmt":"2026-03-11T12:15:09","slug":"soe-ilm-loi-mitu-paevarekordit","status":"publish","type":"post","link":"https:\/\/www.europesays.com\/ee\/126326\/","title":{"rendered":"Soe ilm l\u00f5i mitu p\u00e4evarekordit"},"content":{"rendered":"<p>Keskkonnaagentuuri kliimaosakonna juhtivspetsialist K\u00fclli Loodla \u00fctles, et 10. m\u00e4rtsil m\u00f5\u00f5tis k\u00f5ige k\u00f5rgema \u00f5hutemperatuuri Valga ilmajaam, mille vaatlusplatsil t\u00f5usis termomeetri n\u00e4it kella kahe ja kolme vahel 15,2 kraadini. Sellega sai l\u00f6\u00f6dud Valga endine selle kuup\u00e4eva rekord, mis oli kraadi v\u00f5rra jahedam ja m\u00f5\u00f5detud tosin aastat tagasi.<\/p>\n<p>K\u00e4esoleva aasta seni k\u00f5ige soojemal p\u00e4eval j\u00e4rgnesid Valga tippn\u00e4idule T\u00f5ravere 14,4, Viljandi 13,8 ja Tiirikoja 13,6 kraadiga. K\u00f5ik need kohad said \u00fchtlasi uue 10. m\u00e4rtsi soojarekordi. Viljandi eelmine selle kuup\u00e4eva soojatipp p\u00e4rines 1961. aastast ja oli praegusest 0,2 kraadi madalam.<\/p>\n<p>Mujal j\u00e4i soojatipp sedapuhku alla 13 kraadi, kusjuures k\u00f5ige kesisema tulemuse pani kirja Virtsu jaam, kus maksimaalne \u00f5hutemperatuur k\u00fc\u00fcndis vaid 4,3 p\u00fcgalani. Siiski said uue p\u00e4evarekord ka Pakri ja Heltermaa vastavalt 11,4 ja 11,5 kraadiga.<\/p>\n<p>M\u00e4rtsi Eesti soojarekord on 21,3 kraadi, mis m\u00f5\u00f5detud Valgas 2024. aasta 31. m\u00e4rtsil. Viljandi ilmajaama esimese kevadkuu soojatipp on 17,4 kraadi 2007. aasta 28. m\u00e4rtsist.<\/p>\n<p>\u00abKui n\u00e4dala jooksul peaks \u00f5hutemperatuur uuesti t\u00f5usma 15 kraadi ligi, v\u00f5ib see taas m\u00f5nel pool t\u00e4hendada uut p\u00e4evarekordit,\u00bb lausus Loodla.<\/p>\n","protected":false},"excerpt":{"rendered":"Keskkonnaagentuuri kliimaosakonna juhtivspetsialist K\u00fclli Loodla \u00fctles, et 10. m\u00e4rtsil m\u00f5\u00f5tis k\u00f5ige k\u00f5rgema \u00f5hutemperatuuri Valga ilmajaam, mille vaatlusplatsil t\u00f5usis&hellip;\n","protected":false},"author":2,"featured_media":126327,"comment_status":"","ping_status":"","sticky":false,"template":"","format":"standard","meta":{"footnotes":"","_share_on_mastodon":"0"},"categories":[5],"tags":[26,27,37,33,35,34,36,31,32,21,668,28,29,55349,19,21473,25,8742,22011,23,24,22,20,30],"class_list":["post-126326","post","type-post","status-publish","format-standard","has-post-thumbnail","category-uldised-uudised","tag-breaking-news","tag-breakingnews","tag-ee","tag-eesti","tag-eesti-keel","tag-estonia","tag-estonian","tag-featured-news","tag-featurednews","tag-headlines","tag-ilm","tag-latest-news","tag-latestnews","tag-marts","tag-news","tag-ohutemperatuur","tag-populaarseimad-lood","tag-rekord","tag-soe","tag-top-stories","tag-topstories","tag-uldised-uudised","tag-uudised","tag-viimased-uudised"],"share_on_mastodon":{"url":"https:\/\/pubeurope.com\/@ee\/116210494561654602","error":""},"_links":{"self":[{"href":"https:\/\/www.europesays.com\/ee\/wp-json\/wp\/v2\/posts\/126326","targetHints":{"allow":["GET"]}}],"collection":[{"href":"https:\/\/www.europesays.com\/ee\/wp-json\/wp\/v2\/posts"}],"about":[{"href":"https:\/\/www.europesays.com\/ee\/wp-json\/wp\/v2\/types\/post"}],"author":[{"embeddable":true,"href":"https:\/\/www.europesays.com\/ee\/wp-json\/wp\/v2\/users\/2"}],"replies":[{"embeddable":true,"href":"https:\/\/www.europesays.com\/ee\/wp-json\/wp\/v2\/comments?post=126326"}],"version-history":[{"count":0,"href":"https:\/\/www.europesays.com\/ee\/wp-json\/wp\/v2\/posts\/126326\/revisions"}],"wp:featuredmedia":[{"embeddable":true,"href":"https:\/\/www.europesays.com\/ee\/wp-json\/wp\/v2\/media\/126327"}],"wp:attachment":[{"href":"https:\/\/www.europesays.com\/ee\/wp-json\/wp\/v2\/media?parent=126326"}],"wp:term":[{"taxonomy":"category","embeddable":true,"href":"https:\/\/www.europesays.com\/ee\/wp-json\/wp\/v2\/categories?post=126326"},{"taxonomy":"post_tag","embeddable":true,"href":"https:\/\/www.europesays.com\/ee\/wp-json\/wp\/v2\/tags?post=126326"}],"curies":[{"name":"wp","href":"https:\/\/api.w.org\/{rel}","templated":true}]}}