{"id":126484,"date":"2026-03-11T15:17:07","date_gmt":"2026-03-11T15:17:07","guid":{"rendered":"https:\/\/www.europesays.com\/ee\/126484\/"},"modified":"2026-03-11T15:17:07","modified_gmt":"2026-03-11T15:17:07","slug":"arvustus-%e2%9f%a9-korgmoe-higi-ja-sara","status":"publish","type":"post","link":"https:\/\/www.europesays.com\/ee\/126484\/","title":{"rendered":"ARVUSTUS \u27e9 K\u00f5rgmoe higi ja s\u00e4ra"},"content":{"rendered":"<p>Alice Winocouri \u00abK\u00f5rgmoe fassaad\u00bb visandab portree kolmest erinevast naisest, kes Pariisi moen\u00e4dala ajal karj\u00e4\u00e4ri ja eraeluga maadlevad. Winocour l\u00e4heneb oma kolmele naispeategelasele \u00f5rnalt ja empaatiliselt ning keskendub glamuurse moemaailma asemel neile, kes hoiavad \u00fcleval selle s\u00e4ravat fassaadi. Ent kuigi taotlus on kiiduv\u00e4\u00e4rt, j\u00e4\u00e4b tundlik pilk kammitsetuks. Selle arvelt kaob s\u00fcgavam pinnas, mis v\u00f5imaldaks moemaailma pahupoolt kommenteerida.<\/p>\n","protected":false},"excerpt":{"rendered":"Alice Winocouri \u00abK\u00f5rgmoe fassaad\u00bb visandab portree kolmest erinevast naisest, kes Pariisi moen\u00e4dala ajal karj\u00e4\u00e4ri ja eraeluga maadlevad. Winocour&hellip;\n","protected":false},"author":2,"featured_media":126485,"comment_status":"","ping_status":"","sticky":false,"template":"","format":"standard","meta":{"footnotes":"","_share_on_mastodon":"0"},"categories":[82],"tags":[18612,58180,58176,58175,37,33,35,173,34,36,208,209,58179,58178,140,5396,207,58177,125,8333],"class_list":["post-126484","post","type-post","status-publish","format-standard","has-post-thumbnail","category-filmid","tag-angelina-jolie","tag-anna-winocour","tag-anyier-anei","tag-coutures","tag-ee","tag-eesti","tag-eesti-keel","tag-entertainment","tag-estonia","tag-estonian","tag-film","tag-filmid","tag-intensiivne","tag-louis-garrel","tag-meelelahutus","tag-mood","tag-movies","tag-olukorrad","tag-pariis","tag-rinnavahk"],"share_on_mastodon":{"url":"https:\/\/pubeurope.com\/@ee\/116211210300924429","error":""},"_links":{"self":[{"href":"https:\/\/www.europesays.com\/ee\/wp-json\/wp\/v2\/posts\/126484","targetHints":{"allow":["GET"]}}],"collection":[{"href":"https:\/\/www.europesays.com\/ee\/wp-json\/wp\/v2\/posts"}],"about":[{"href":"https:\/\/www.europesays.com\/ee\/wp-json\/wp\/v2\/types\/post"}],"author":[{"embeddable":true,"href":"https:\/\/www.europesays.com\/ee\/wp-json\/wp\/v2\/users\/2"}],"replies":[{"embeddable":true,"href":"https:\/\/www.europesays.com\/ee\/wp-json\/wp\/v2\/comments?post=126484"}],"version-history":[{"count":0,"href":"https:\/\/www.europesays.com\/ee\/wp-json\/wp\/v2\/posts\/126484\/revisions"}],"wp:featuredmedia":[{"embeddable":true,"href":"https:\/\/www.europesays.com\/ee\/wp-json\/wp\/v2\/media\/126485"}],"wp:attachment":[{"href":"https:\/\/www.europesays.com\/ee\/wp-json\/wp\/v2\/media?parent=126484"}],"wp:term":[{"taxonomy":"category","embeddable":true,"href":"https:\/\/www.europesays.com\/ee\/wp-json\/wp\/v2\/categories?post=126484"},{"taxonomy":"post_tag","embeddable":true,"href":"https:\/\/www.europesays.com\/ee\/wp-json\/wp\/v2\/tags?post=126484"}],"curies":[{"name":"wp","href":"https:\/\/api.w.org\/{rel}","templated":true}]}}