{"id":126509,"date":"2026-03-11T15:41:11","date_gmt":"2026-03-11T15:41:11","guid":{"rendered":"https:\/\/www.europesays.com\/ee\/126509\/"},"modified":"2026-03-11T15:41:11","modified_gmt":"2026-03-11T15:41:11","slug":"off-the-rec-%e2%9f%a9-ma-kartsin-eestlaste-vaikust-tuntud-sisulooja-kaspar-wang-raagib-labipolemisest-ja-elust-kahe-maailma-vahel","status":"publish","type":"post","link":"https:\/\/www.europesays.com\/ee\/126509\/","title":{"rendered":"OFF THE REC \u27e9 \u00abMa kartsin eestlaste vaikust!\u00bb Tuntud sisulooja Kaspar Wang r\u00e4\u00e4gib l\u00e4bip\u00f5lemisest ja elust kahe maailma vahel"},"content":{"rendered":"<p>Elu24 podcast&#8217;is Off The Rec k\u00e4is k\u00fclas Hiinast p\u00e4rit 23-aastane Yilin Wang, eestip\u00e4rase nimega Kaspar Wang. Vestluses r\u00e4\u00e4gib ta, kuidas ta \u00fcldse eesti keeleni j\u00f5udis, miks otsustas tulla Eestisse \u00f5ppima, milline on elu Pekingi ja Tallinna vahel, kuidas ta sattus ajakirjandust ja kommunikatsiooni \u00f5ppima ning miks jagab ta sotsiaalmeedias oma elu Eestis. Samuti r\u00e4\u00e4gib ta kultuurilistest erinevustest, Eesti toidust, talvepimeduse m\u00f5just vaimsele tervisele ning sellest, miks n\u00e4eb ta oma tulevikku just Eestis.<\/p>\n<p>Hiinast p\u00e4rit Yilin Wang kasutab Eestis nime Kaspar. Ta leidis selle nime seitse aastat tagasi, kui hakkas eesti keelt \u00f5ppima.<\/p>\n","protected":false},"excerpt":{"rendered":"Elu24 podcast&#8217;is Off The Rec k\u00e4is k\u00fclas Hiinast p\u00e4rit 23-aastane Yilin Wang, eestip\u00e4rase nimega Kaspar Wang. Vestluses r\u00e4\u00e4gib&hellip;\n","protected":false},"author":2,"featured_media":126510,"comment_status":"","ping_status":"","sticky":false,"template":"","format":"standard","meta":{"footnotes":"","_share_on_mastodon":"0"},"categories":[18],"tags":[622,37,33,35,34,36,5922,7227,397,159,158,20407,249,328,4213],"class_list":["post-126509","post","type-post","status-publish","format-standard","has-post-thumbnail","category-sport","tag-ajakirjandus","tag-ee","tag-eesti","tag-eesti-keel","tag-estonia","tag-estonian","tag-instagram","tag-peking","tag-sotsiaalmeedia","tag-sport","tag-sports","tag-tallinna","tag-tartu","tag-tiktok","tag-vaimne-tervis"],"share_on_mastodon":{"url":"https:\/\/pubeurope.com\/@ee\/116211304647081378","error":""},"_links":{"self":[{"href":"https:\/\/www.europesays.com\/ee\/wp-json\/wp\/v2\/posts\/126509","targetHints":{"allow":["GET"]}}],"collection":[{"href":"https:\/\/www.europesays.com\/ee\/wp-json\/wp\/v2\/posts"}],"about":[{"href":"https:\/\/www.europesays.com\/ee\/wp-json\/wp\/v2\/types\/post"}],"author":[{"embeddable":true,"href":"https:\/\/www.europesays.com\/ee\/wp-json\/wp\/v2\/users\/2"}],"replies":[{"embeddable":true,"href":"https:\/\/www.europesays.com\/ee\/wp-json\/wp\/v2\/comments?post=126509"}],"version-history":[{"count":0,"href":"https:\/\/www.europesays.com\/ee\/wp-json\/wp\/v2\/posts\/126509\/revisions"}],"wp:featuredmedia":[{"embeddable":true,"href":"https:\/\/www.europesays.com\/ee\/wp-json\/wp\/v2\/media\/126510"}],"wp:attachment":[{"href":"https:\/\/www.europesays.com\/ee\/wp-json\/wp\/v2\/media?parent=126509"}],"wp:term":[{"taxonomy":"category","embeddable":true,"href":"https:\/\/www.europesays.com\/ee\/wp-json\/wp\/v2\/categories?post=126509"},{"taxonomy":"post_tag","embeddable":true,"href":"https:\/\/www.europesays.com\/ee\/wp-json\/wp\/v2\/tags?post=126509"}],"curies":[{"name":"wp","href":"https:\/\/api.w.org\/{rel}","templated":true}]}}