{"id":126511,"date":"2026-03-11T15:42:07","date_gmt":"2026-03-11T15:42:07","guid":{"rendered":"https:\/\/www.europesays.com\/ee\/126511\/"},"modified":"2026-03-11T15:42:07","modified_gmt":"2026-03-11T15:42:07","slug":"forbes-reastas-maailma-rikkaimad-inimesed-joukaimate-edetabelis-on-ka-kaks-varakat-eestlast","status":"publish","type":"post","link":"https:\/\/www.europesays.com\/ee\/126511\/","title":{"rendered":"Forbes reastas maailma rikkaimad inimesed. J\u00f5ukaimate edetabelis on ka kaks varakat eestlast"},"content":{"rendered":"<p>Miljard\u00e4riks saamiseks pole kunagi olnud paremat aega, kirjutab Forbes. T\u00e4nu tehisintellekti plahvatusele, turgudele ja soodsatele fiskaalpoliitikatele j\u00f5udis selle aasta maailma miljard\u00e4ride nimekirja rekordilised 3428 ettev\u00f5tjat, investorit ja p\u00e4rijat, mis on 400 v\u00f5rra enam kui aasta varem. <\/p>\n<p>Nad on rikkamad kui kunagi varem, v\u00e4\u00e4rt rekordilised 20,1 triljonit dollarit, m\u00e4rgib ajakiri.<\/p>\n<p>Oled juba tellija?Logi sisse<\/p>\n<p><a href=\"https:\/\/arileht.delfi.ee\/a\/120441730\/forbes-reastas-maailma-rikkaimad-inimesed-joukaimate-edetabelis-on-ka-kaks-varakat-eestlast\/kommentaarid\" class=\"article-body-bottom__comment article-body-bottom__comment--write button button--primary button--size-auto\" rel=\"nofollow noopener\" target=\"_blank\"> Kommenteeri <\/a><a href=\"https:\/\/arileht.delfi.ee\/a\/120441730\/forbes-reastas-maailma-rikkaimad-inimesed-joukaimate-edetabelis-on-ka-kaks-varakat-eestlast\/kommentaarid\" class=\"article-body-bottom__comment article-body-bottom__comment--read button button--size-auto\" rel=\"nofollow noopener\" target=\"_blank\"> Loe kommentaare (9)<\/a><\/p>\n","protected":false},"excerpt":{"rendered":"Miljard\u00e4riks saamiseks pole kunagi olnud paremat aega, kirjutab Forbes. T\u00e4nu tehisintellekti plahvatusele, turgudele ja soodsatele fiskaalpoliitikatele j\u00f5udis selle&hellip;\n","protected":false},"author":2,"featured_media":126512,"comment_status":"","ping_status":"","sticky":false,"template":"","format":"standard","meta":{"footnotes":"","_share_on_mastodon":"0"},"categories":[14],"tags":[131,130,324,37,33,35,846,34,36,18623,33470,1432,113,11950,325,462],"class_list":["post-126511","post","type-post","status-publish","format-standard","has-post-thumbnail","category-ari","tag-ari","tag-business","tag-donald-trump","tag-ee","tag-eesti","tag-eesti-keel","tag-elon-musk","tag-estonia","tag-estonian","tag-kristo-kaarmann","tag-larry-page","tag-rikas","tag-soome","tag-taavet-hinrikus","tag-usa","tag-usa-president"],"share_on_mastodon":{"url":"https:\/\/pubeurope.com\/@ee\/116211308441192931","error":""},"_links":{"self":[{"href":"https:\/\/www.europesays.com\/ee\/wp-json\/wp\/v2\/posts\/126511","targetHints":{"allow":["GET"]}}],"collection":[{"href":"https:\/\/www.europesays.com\/ee\/wp-json\/wp\/v2\/posts"}],"about":[{"href":"https:\/\/www.europesays.com\/ee\/wp-json\/wp\/v2\/types\/post"}],"author":[{"embeddable":true,"href":"https:\/\/www.europesays.com\/ee\/wp-json\/wp\/v2\/users\/2"}],"replies":[{"embeddable":true,"href":"https:\/\/www.europesays.com\/ee\/wp-json\/wp\/v2\/comments?post=126511"}],"version-history":[{"count":0,"href":"https:\/\/www.europesays.com\/ee\/wp-json\/wp\/v2\/posts\/126511\/revisions"}],"wp:featuredmedia":[{"embeddable":true,"href":"https:\/\/www.europesays.com\/ee\/wp-json\/wp\/v2\/media\/126512"}],"wp:attachment":[{"href":"https:\/\/www.europesays.com\/ee\/wp-json\/wp\/v2\/media?parent=126511"}],"wp:term":[{"taxonomy":"category","embeddable":true,"href":"https:\/\/www.europesays.com\/ee\/wp-json\/wp\/v2\/categories?post=126511"},{"taxonomy":"post_tag","embeddable":true,"href":"https:\/\/www.europesays.com\/ee\/wp-json\/wp\/v2\/tags?post=126511"}],"curies":[{"name":"wp","href":"https:\/\/api.w.org\/{rel}","templated":true}]}}