{"id":12656,"date":"2025-10-06T09:46:07","date_gmt":"2025-10-06T09:46:07","guid":{"rendered":"https:\/\/www.europesays.com\/ee\/12656\/"},"modified":"2025-10-06T09:46:07","modified_gmt":"2025-10-06T09:46:07","slug":"mulgi-nadal-paneb-lipud-lehvima-ja-raamatulehed-krabisema","status":"publish","type":"post","link":"https:\/\/www.europesays.com\/ee\/12656\/","title":{"rendered":"Mulgi n\u00e4dal paneb lipud lehvima ja raamatulehed krabisema"},"content":{"rendered":"<p>Esmasp\u00e4ev\u00a0on rahvar\u00f5ivap\u00e4ev ja selle keskmes on Paistu kihelkond.\u00a0\u00a0Kell kuus \u00f5htul peab Tiina J\u00fcrgeni Heimtali\u00a0muuseumis loengu Paistu, Tarvastu ja Helme rahvar\u00f5ivastest.<\/p>\n<p>Teisip\u00e4ev, 7. oktoober on nupuka mulgi p\u00e4ev Karksi kihelkonnas. Nuputada saavad nii kooli\u00f5pilased kui t\u00e4isinimesed ja Kristi Ilves toob kell 16 Abja\u00a0raamatupoes rahva ette oma raamatu &#8220;Miu\u00a0Mulgimaa. Rikkus ei ole \u00e4biasi&#8221;.<\/p>\n","protected":false},"excerpt":{"rendered":"Esmasp\u00e4ev\u00a0on rahvar\u00f5ivap\u00e4ev ja selle keskmes on Paistu kihelkond.\u00a0\u00a0Kell kuus \u00f5htul peab Tiina J\u00fcrgeni Heimtali\u00a0muuseumis loengu Paistu, Tarvastu ja&hellip;\n","protected":false},"author":2,"featured_media":12657,"comment_status":"","ping_status":"","sticky":false,"template":"","format":"standard","meta":{"footnotes":"","_share_on_mastodon":"0"},"categories":[12],"tags":[26,27,37,33,35,34,36,31,32,21,28,29,8451,8450,8453,19,25,8452,23,24,22,20,30],"class_list":["post-12656","post","type-post","status-publish","format-standard","has-post-thumbnail","category-eesti","tag-breaking-news","tag-breakingnews","tag-ee","tag-eesti","tag-eesti-keel","tag-estonia","tag-estonian","tag-featured-news","tag-featurednews","tag-headlines","tag-latest-news","tag-latestnews","tag-mulgi-nadal","tag-mulgid","tag-mustla","tag-news","tag-populaarseimad-lood","tag-rahvaroivapaev","tag-top-stories","tag-topstories","tag-uldised-uudised","tag-uudised","tag-viimased-uudised"],"share_on_mastodon":{"url":"","error":""},"_links":{"self":[{"href":"https:\/\/www.europesays.com\/ee\/wp-json\/wp\/v2\/posts\/12656","targetHints":{"allow":["GET"]}}],"collection":[{"href":"https:\/\/www.europesays.com\/ee\/wp-json\/wp\/v2\/posts"}],"about":[{"href":"https:\/\/www.europesays.com\/ee\/wp-json\/wp\/v2\/types\/post"}],"author":[{"embeddable":true,"href":"https:\/\/www.europesays.com\/ee\/wp-json\/wp\/v2\/users\/2"}],"replies":[{"embeddable":true,"href":"https:\/\/www.europesays.com\/ee\/wp-json\/wp\/v2\/comments?post=12656"}],"version-history":[{"count":0,"href":"https:\/\/www.europesays.com\/ee\/wp-json\/wp\/v2\/posts\/12656\/revisions"}],"wp:featuredmedia":[{"embeddable":true,"href":"https:\/\/www.europesays.com\/ee\/wp-json\/wp\/v2\/media\/12657"}],"wp:attachment":[{"href":"https:\/\/www.europesays.com\/ee\/wp-json\/wp\/v2\/media?parent=12656"}],"wp:term":[{"taxonomy":"category","embeddable":true,"href":"https:\/\/www.europesays.com\/ee\/wp-json\/wp\/v2\/categories?post=12656"},{"taxonomy":"post_tag","embeddable":true,"href":"https:\/\/www.europesays.com\/ee\/wp-json\/wp\/v2\/tags?post=12656"}],"curies":[{"name":"wp","href":"https:\/\/api.w.org\/{rel}","templated":true}]}}