{"id":126574,"date":"2026-03-11T17:00:06","date_gmt":"2026-03-11T17:00:06","guid":{"rendered":"https:\/\/www.europesays.com\/ee\/126574\/"},"modified":"2026-03-11T17:00:06","modified_gmt":"2026-03-11T17:00:06","slug":"eesti-tarbijad-on-hinnatundlikud-nii-veebis-kui-paris-poes-impulssoste-tehakse-uha-vahem-2","status":"publish","type":"post","link":"https:\/\/www.europesays.com\/ee\/126574\/","title":{"rendered":"Eesti tarbijad on hinnatundlikud nii veebis kui p\u00e4ris poes. Impulssoste tehakse \u00fcha v\u00e4hem"},"content":{"rendered":"<p>Prisma anal\u00fc\u00fctik Andero Samelselg r\u00e4\u00e4kis Delfi \u00c4rilehele, et inimesed otsivad endiselt sooduspakkumisi ning nende leidmiseks k\u00fclastavad nad keskmiselt 3-4 erinevat jaeketti kuus. Seda vastavalt Norstati jaanuaris l\u00e4biviidud uuringule.<\/p>\n<p>Toidukorvi puhul l\u00e4htutakse Samelselja s\u00f5nul j\u00e4tkuvalt eelk\u00f5ige hindadest, kuid tulemus on eelmiste kvartalitega v\u00f5rreldes pigem languses. \u201eUuringutulemused n\u00e4itavad ka, et inimesed on inflatsiooniga j\u00e4rjest enam kohanenud, kuid l\u00f5he rohkem ja v\u00e4hem ostuj\u00f5uliste vahel suureneb,\u201c nentis ta.<\/p>\n<p>Oled juba tellija?Logi sisse<\/p>\n<p><a href=\"https:\/\/arileht.delfi.ee\/a\/120441118\/eesti-tarbijad-on-hinnatundlikud-nii-veebis-kui-paris-poes-impulssoste-kiputakse-tegema-uha-vahem\/kommentaarid\" class=\"article-body-bottom__comment article-body-bottom__comment--write button button--primary button--size-auto\" rel=\"nofollow noopener\" target=\"_blank\"> Kommenteeri <\/a><a href=\"https:\/\/arileht.delfi.ee\/a\/120441118\/eesti-tarbijad-on-hinnatundlikud-nii-veebis-kui-paris-poes-impulssoste-kiputakse-tegema-uha-vahem\/kommentaarid\" class=\"article-body-bottom__comment article-body-bottom__comment--read button button--size-auto\" rel=\"nofollow noopener\" target=\"_blank\"> Loe kommentaare (4)<\/a><\/p>\n","protected":false},"excerpt":{"rendered":"Prisma anal\u00fc\u00fctik Andero Samelselg r\u00e4\u00e4kis Delfi \u00c4rilehele, et inimesed otsivad endiselt sooduspakkumisi ning nende leidmiseks k\u00fclastavad nad keskmiselt&hellip;\n","protected":false},"author":2,"featured_media":126565,"comment_status":"","ping_status":"","sticky":false,"template":"","format":"standard","meta":{"footnotes":"","_share_on_mastodon":"0"},"categories":[14],"tags":[131,130,9276,37,33,35,5095,34,36,112,9274,113,9078],"class_list":["post-126574","post","type-post","status-publish","format-standard","has-post-thumbnail","category-ari","tag-ari","tag-business","tag-e-kaubandus","tag-ee","tag-eesti","tag-eesti-keel","tag-eesti-toit","tag-estonia","tag-estonian","tag-euroopa","tag-internetikaubandus","tag-soome","tag-wolt"],"share_on_mastodon":{"url":"https:\/\/pubeurope.com\/@ee\/116211615304547424","error":""},"_links":{"self":[{"href":"https:\/\/www.europesays.com\/ee\/wp-json\/wp\/v2\/posts\/126574","targetHints":{"allow":["GET"]}}],"collection":[{"href":"https:\/\/www.europesays.com\/ee\/wp-json\/wp\/v2\/posts"}],"about":[{"href":"https:\/\/www.europesays.com\/ee\/wp-json\/wp\/v2\/types\/post"}],"author":[{"embeddable":true,"href":"https:\/\/www.europesays.com\/ee\/wp-json\/wp\/v2\/users\/2"}],"replies":[{"embeddable":true,"href":"https:\/\/www.europesays.com\/ee\/wp-json\/wp\/v2\/comments?post=126574"}],"version-history":[{"count":0,"href":"https:\/\/www.europesays.com\/ee\/wp-json\/wp\/v2\/posts\/126574\/revisions"}],"wp:featuredmedia":[{"embeddable":true,"href":"https:\/\/www.europesays.com\/ee\/wp-json\/wp\/v2\/media\/126565"}],"wp:attachment":[{"href":"https:\/\/www.europesays.com\/ee\/wp-json\/wp\/v2\/media?parent=126574"}],"wp:term":[{"taxonomy":"category","embeddable":true,"href":"https:\/\/www.europesays.com\/ee\/wp-json\/wp\/v2\/categories?post=126574"},{"taxonomy":"post_tag","embeddable":true,"href":"https:\/\/www.europesays.com\/ee\/wp-json\/wp\/v2\/tags?post=126574"}],"curies":[{"name":"wp","href":"https:\/\/api.w.org\/{rel}","templated":true}]}}