{"id":126620,"date":"2026-03-11T17:54:17","date_gmt":"2026-03-11T17:54:17","guid":{"rendered":"https:\/\/www.europesays.com\/ee\/126620\/"},"modified":"2026-03-11T17:54:17","modified_gmt":"2026-03-11T17:54:17","slug":"norra-koondis-drammeni-ja-holmenkolleni-maailmameistrivoistlustel","status":"publish","type":"post","link":"https:\/\/www.europesays.com\/ee\/126620\/","title":{"rendered":"Norra koondis Drammeni ja Holmenkolleni maailmameistriv\u00f5istlustel"},"content":{"rendered":"<p>Norras toimub neljap\u00e4eval ja laup\u00e4eval kaks murdmaasuusatamise maailmakarika etappi. Programm algab neljap\u00e4eval, 12. m\u00e4rtsil klassikalises tehnikas sprindiv\u00f5istlusega. N\u00e4dalavahetus l\u00f5peb laup\u00e4eval, 14. m\u00e4rtsil 2026 50 km pikkuse \u00fchisstardiga vabastiilis tehnikas toimuva v\u00f5istlusega.\u00a0<\/p>\n<p class=\"gt-block\">Samuti loe &#8211;<a href=\"https:\/\/www.proxcskiing.com\/et\/traditsiooniline-suusatamine\/Murdmaajooksu-maailmameistriv%C3%B5istlused-2025-2026-Drammeni-ja-Holmenkolleni-t%C3%A4ielik-programm\/\" target=\"_blank\" rel=\"noreferrer noopener nofollow\"> Murdmaa MM 2025\/2026: Drammeni ja Holmenkolleni t\u00e4ielik programm<\/a><\/p>\n<p class=\"gt-block\">Kahes pressiteatedNorra Suusaliit kinnitas Drammeni koondise valiku (<a href=\"https:\/\/www.skiforbundet.no\/langrenn\/nyhetsarkiv\/2026\/3\/uttak-drammen\/\" target=\"_blank\" rel=\"noreferrer noopener nofollow\">siin<\/a>) ja Holmenkollen (<a href=\"https:\/\/www.skiforbundet.no\/om\/nyheter\/2026\/3\/uttak-holmenkollen\/\" target=\"_blank\" rel=\"noreferrer noopener nofollow\">siin<\/a>).<\/p>\n<p>Norra jalgpallikoondis Drammeni ja Holmenkolleni maailmameistriv\u00f5istlusteks 2025\/2026<\/p>\n<p class=\"gt-block\">DRAAMA SPRINT \u2013 NAISED<\/p>\n<ul class=\"wp-block-list\">\n<li>Kristine Stav\u00e5s Skistad<\/li>\n<li>Julie Bjervig Drivenes<\/li>\n<li>Ingrid Bergene Aabrekk<\/li>\n<li>Mathilde Myhrvold<\/li>\n<li>Tiril Udnes Weng<\/li>\n<li>Julie Myhre<\/li>\n<li>Iselin Bjervig Driven<\/li>\n<li>Margrete R\u00f8ssum Dyrhovd<\/li>\n<li>Hedda Bakkemo<\/li>\n<li>Ane Appelkvist Stenseth<\/li>\n<li>Milla Grosberghaugen Andreassen<\/li>\n<li>Helene Ekrheim Haugen<\/li>\n<\/ul>\n<p class=\"gt-block\">DRAAMA SPRINT \u2013 AGA<\/p>\n<ul class=\"wp-block-list\">\n<li>Harald \u00d8stberg Amundsen<\/li>\n<li>Isegi Northug<\/li>\n<li>Ansgar Evensen<\/li>\n<li>Lars Heggen<\/li>\n<li>Kristian Kollerud<\/li>\n<li>Simen Myhre<\/li>\n<li>Johannes H\u00f8sflot Kl\u00e6bo<\/li>\n<li>J\u00f8rgen Schj\u00f8lberg<\/li>\n<li>Harald Astrup Arnesen<\/li>\n<li>Aron \u00c5kre Rysstad<\/li>\n<li>Filip Skari<\/li>\n<li>Lars Michael Saab Bjertn\u00e6s<\/li>\n<\/ul>\n<p class=\"gt-block\">HOLMENKOLLEN 50KM MASSISTRAND \u2013 NAISED<\/p>\n<ul class=\"wp-block-list\">\n<li>Astrid \u00d8yre Slind<\/li>\n<li>Heidi Weng<\/li>\n<li>Kristin Austgulen Fosn\u00e6s<\/li>\n<li>Karoline Simpson-Larsen<\/li>\n<li>Nora Sanness<\/li>\n<li>Karoline Gr\u00f8tting<\/li>\n<li>Julie Bjervig Drivenes<\/li>\n<li>Nora Elisabeth Falster<\/li>\n<li>Margrethe Bergane<\/li>\n<li>Marte Mikkelsplass<\/li>\n<li>Oline Vestad<\/li>\n<li>Eva Ingebrigtsen<\/li>\n<\/ul>\n<p class=\"gt-block\">HOLMENKOLLEN 50KM MASSISART \u2013 MEHED<\/p>\n<ul class=\"wp-block-list\">\n<li>Harald \u00d8stberg Amundsen<\/li>\n<li>Martin L\u00f8wstr\u00f8m Nyenget<\/li>\n<li>Einar Hedegart<\/li>\n<li>Andreas Fjorden Ree<\/li>\n<li>Kasper Andersson Herland<\/li>\n<li>Mattis Stenshagen<\/li>\n<li>H\u00e5vard Moseby<\/li>\n<li>Johannes H\u00f8sflot Kl\u00e6bo<\/li>\n<li>Iver Tildem Andersen<\/li>\n<li>Simen Hegstad Kr\u00fcger<\/li>\n<li>Lars Heggen<\/li>\n<li>Casper Kvam Grindhagen<\/li>\n<\/ul>\n<p>FAKTID Drammeni ja Holmenkolleni maailmameistriv\u00f5istluste hooaeg 2025\/2026<\/p>\n<ul class=\"wp-block-list\">\n<li>Millal: Neljap\u00e4eval, 12. m\u00e4rtsil ja laup\u00e4eval, 14. m\u00e4rtsil 2026\u00a0<\/li>\n<li>Kes: Eliitriigi suusatajad \u2013 naised ja mehed<\/li>\n<li>kus: Drammen ja Holmenkollen, Norra<\/li>\n<li>Mis:\u00a0FIS-i murdmaasuusatamise maailmakarikav\u00f5istlused <a href=\"https:\/\/www.fis-ski.com\/DB\/general\/event-details.html?sectorcode=CC&amp;eventid=58068&amp;seasoncode=2026\" target=\"_blank\" rel=\"noreferrer noopener nofollow\">Drammen<\/a> ja <a href=\"https:\/\/www.fis-ski.com\/DB\/general\/event-details.html?sectorcode=CC&amp;eventid=58069&amp;seasoncode=2026\" target=\"_blank\" rel=\"noreferrer noopener nofollow\">holmenkollen<\/a>, Norra<\/li>\n<\/ul>\n<p class=\"gt-block\">PROGRAMM<\/p>\n<p class=\"gt-block\">Neljap\u00e4ev, 12. m\u00e4rts: Sprint Classic (Lisateavet leiate aadressilt <a href=\"https:\/\/www.proxcskiing.com\/et\/s%C3%BCndmus\/fis-wc-drammeni-sprint-c-3\/\" target=\"_blank\" rel=\"noreferrer noopener nofollow\">SIIN<\/a>)<\/p>\n<ul class=\"wp-block-list\">\n<li>14:00 CET: Naiste sprindikvalifikatsioon, klassikaline<\/li>\n<li>14:00 CET: Meeste sprindikvalifikatsioon, klassikaline<\/li>\n<li>16:30 CET: Naiste sprindi finaalklassika<\/li>\n<li>16:30 CET: Meeste sprindi finaalklassika<\/li>\n<\/ul>\n<p class=\"gt-block\">Laup\u00e4ev, 14. m\u00e4rts: 50 km \u00fchisstardiga vabaujumine (lisateavet leiate aadressilt <a href=\"https:\/\/www.proxcskiing.com\/et\/s%C3%BCndmus\/meeste-vabaaja-MM-Oslos-50-km-%C3%BChisstardist-v%C3%B5istlus\/\" target=\"_blank\" rel=\"noreferrer noopener nofollow\">SIIN<\/a>)<\/p>\n<ul class=\"wp-block-list\">\n<li>10:00 CET: 50 km \u00fchisstardist vabaujumine, mehed<\/li>\n<li>10:45 CET: 50 km \u00fchisstardist vabaujumine, naised<\/li>\n<\/ul>\n<p class=\"gt-block\">Loe edasi:\u00a0<a href=\"https:\/\/www.proxcskiing.com\/et\/traditsiooniline-suusatamine\/Murdmaasuusatamise-maailmameistriv%C3%B5istluste-kalender-2025.-ja-2026.-aasta-talvehooajaks\/\" target=\"_blank\" rel=\"noreferrer noopener nofollow\">Murdmaasuusatamise maailmameistriv\u00f5istlused: 2025\/2026 talvehooaja kalender<\/a>\u00a0<\/p>\n<p class=\"gt-block\">Lisateavet murdmaasuusatamise maailmameistriv\u00f5istluste kohta leiate <a href=\"https:\/\/www.fis-ski.com\/cross-country\" target=\"_blank\" rel=\"noreferrer noopener nofollow\">SIIN<\/a><\/p>\n<p class=\"gt-block\">Kas olete huvitatud traditsioonilisest murdmaasuusatamisest? Kl\u00f5psake siin <a href=\"https:\/\/www.proxcskiing.com\/et\/kategooria\/traditsiooniline-suusatamine\/\" target=\"_blank\" rel=\"noreferrer noopener nofollow\">SIIN<\/a>\u00a0ja loe selle kohta l\u00e4hemalt.<\/p>\n<p>ProXCskiing.com liikmena saate t\u00e4ieliku juurdep\u00e4\u00e4su kogu saidi sisule. Samuti otse\u00fclekanded Ski Classics \u00fcritused on saadaval ingliskeelsete kommentaaridega.<\/p>\n<p>Kui sinust saab osa \u00fchest maailma juhtivast murdmaasuusatamise kogukonnast, saad aastaringselt palju eksklusiivseid pakkumisi.<\/p>\n<p><a href=\"https:\/\/proxcskiing.com\/profile\/\" target=\"_blank\" rel=\"noreferrer noopener nofollow\"><img loading=\"lazy\" decoding=\"async\" width=\"1024\" height=\"313\" src=\"https:\/\/www.europesays.com\/ee\/wp-content\/uploads\/2026\/03\/Pro-XC-Skiing_WinterBanner_2024_980x300_EN-1024x313.png\" alt=\"Banner 2024\" class=\"wp-image-77122\"  \/><\/a><\/p>\n<p class=\"gt-block has-text-align-center\"><a href=\"https:\/\/proxcskiing.com\/profile\/\" target=\"_blank\" rel=\"noreferrer noopener nofollow\"><a href=\"https:\/\/proxcskiing.com\/profile\/\" target=\"_blank\" rel=\"noreferrer noopener nofollow\">REGISTREERU SIIN LIIKMEKS<\/a><\/p>\n","protected":false},"excerpt":{"rendered":"Norras toimub neljap\u00e4eval ja laup\u00e4eval kaks murdmaasuusatamise maailmakarika etappi. Programm algab neljap\u00e4eval, 12. m\u00e4rtsil klassikalises tehnikas sprindiv\u00f5istlusega. N\u00e4dalavahetus&hellip;\n","protected":false},"author":2,"featured_media":126621,"comment_status":"","ping_status":"","sticky":false,"template":"","format":"standard","meta":{"footnotes":"","_share_on_mastodon":"0"},"categories":[18],"tags":[37,33,35,34,36,58243,44071,35584,159,158,35585],"class_list":["post-126620","post","type-post","status-publish","format-standard","has-post-thumbnail","category-sport","tag-ee","tag-eesti","tag-eesti-keel","tag-estonia","tag-estonian","tag-holmenkollen","tag-murdmaa","tag-proxcskimine","tag-sport","tag-sports","tag-world-cup"],"share_on_mastodon":{"url":"https:\/\/pubeurope.com\/@ee\/116211827662400452","error":""},"_links":{"self":[{"href":"https:\/\/www.europesays.com\/ee\/wp-json\/wp\/v2\/posts\/126620","targetHints":{"allow":["GET"]}}],"collection":[{"href":"https:\/\/www.europesays.com\/ee\/wp-json\/wp\/v2\/posts"}],"about":[{"href":"https:\/\/www.europesays.com\/ee\/wp-json\/wp\/v2\/types\/post"}],"author":[{"embeddable":true,"href":"https:\/\/www.europesays.com\/ee\/wp-json\/wp\/v2\/users\/2"}],"replies":[{"embeddable":true,"href":"https:\/\/www.europesays.com\/ee\/wp-json\/wp\/v2\/comments?post=126620"}],"version-history":[{"count":0,"href":"https:\/\/www.europesays.com\/ee\/wp-json\/wp\/v2\/posts\/126620\/revisions"}],"wp:featuredmedia":[{"embeddable":true,"href":"https:\/\/www.europesays.com\/ee\/wp-json\/wp\/v2\/media\/126621"}],"wp:attachment":[{"href":"https:\/\/www.europesays.com\/ee\/wp-json\/wp\/v2\/media?parent=126620"}],"wp:term":[{"taxonomy":"category","embeddable":true,"href":"https:\/\/www.europesays.com\/ee\/wp-json\/wp\/v2\/categories?post=126620"},{"taxonomy":"post_tag","embeddable":true,"href":"https:\/\/www.europesays.com\/ee\/wp-json\/wp\/v2\/tags?post=126620"}],"curies":[{"name":"wp","href":"https:\/\/api.w.org\/{rel}","templated":true}]}}