{"id":126624,"date":"2026-03-11T17:56:08","date_gmt":"2026-03-11T17:56:08","guid":{"rendered":"https:\/\/www.europesays.com\/ee\/126624\/"},"modified":"2026-03-11T17:56:08","modified_gmt":"2026-03-11T17:56:08","slug":"norra-politsei-vahistas-kolm-meest-seoses-pommirunnakuga-usa-saatkonnale-valismaa","status":"publish","type":"post","link":"https:\/\/www.europesays.com\/ee\/126624\/","title":{"rendered":"Norra politsei vahistas kolm meest seoses pommir\u00fcnnakuga USA saatkonnale | V\u00e4lismaa"},"content":{"rendered":"<p>Norra politsei teatas kolme kahtlustatava vahistamisest seoses p\u00fchap\u00e4eval Oslos toimunud pommir\u00fcnnakuga USA saatkonnale.<\/p>\n<p>Norra rahvusringh\u00e4\u00e4ling NRK vahendas, et politsei kahtlustab terrorir\u00fcnnakus kolme venda. Uurimisjuht Christian Hatlo s\u00f5nul on vennad Iraagi p\u00e4ritolu Norra kodanikud.<\/p>\n<p>&#8220;Neid kahtlustatakse terrorir\u00fcnnakus pommi abil,&#8221; lisas Hatlo.<\/p>\n<p>Uurimise k\u00e4igus selgitatakse, kas r\u00fcnnaku taga v\u00f5ib olla m\u00f5ni riiklik osapool v\u00f5i on vendadel sidemeid kuritegelike organisatsioonidega.<\/p>\n<p>P\u00fchap\u00e4eva varahommikul toimunud v\u00f5imas plahvatus, mille p\u00f5hjustas isevalmistatud l\u00f5hkeseadeldis, kahjustas saatkonna konsulaarosakonna sissep\u00e4\u00e4su.\u00a0<\/p>\n<p>Norra ametiv\u00f5imude kinnitusel r\u00fcnnakus keegi vigastada ei saanud ning tekkinud varaline kahju on esialgsetel andmetel v\u00e4ike.<\/p>\n<p>Esmasp\u00e4eval politsei poolt avaldatud fotodel \u00fchest kahtlustatavast on n\u00e4ha tumedates riietes kapuutsiga isikut, kelle n\u00e4gu pole n\u00e4ha ning kes kannab kotti v\u00f5i seljakotti.<\/p>\n<p><img decoding=\"async\" data-photo-id=\"3252491\" src=\"https:\/\/www.europesays.com\/ee\/wp-content\/uploads\/2026\/03\/3252491h434dt24.jpg\"\/>Pommir\u00fcnnakus kahtlustatav Autor\/allikas: Norra politsei<\/p>\n","protected":false},"excerpt":{"rendered":"Norra politsei teatas kolme kahtlustatava vahistamisest seoses p\u00fchap\u00e4eval Oslos toimunud pommir\u00fcnnakuga USA saatkonnale. Norra rahvusringh\u00e4\u00e4ling NRK vahendas, et&hellip;\n","protected":false},"author":2,"featured_media":126625,"comment_status":"","ping_status":"","sticky":false,"template":"","format":"standard","meta":{"footnotes":"","_share_on_mastodon":"0"},"categories":[80],"tags":[26,27,37,33,35,34,36,31,32,21,28,29,95,19,1437,2693,612,41052,25,13104,23,24,22,20,30,92,93,94],"class_list":["post-126624","post","type-post","status-publish","format-standard","has-post-thumbnail","category-maailm","tag-breaking-news","tag-breakingnews","tag-ee","tag-eesti","tag-eesti-keel","tag-estonia","tag-estonian","tag-featured-news","tag-featurednews","tag-headlines","tag-latest-news","tag-latestnews","tag-maailm","tag-news","tag-norra","tag-oslo","tag-pomm","tag-pommirunnak","tag-populaarseimad-lood","tag-saatkond","tag-top-stories","tag-topstories","tag-uldised-uudised","tag-uudised","tag-viimased-uudised","tag-world","tag-world-news","tag-worldnews"],"share_on_mastodon":{"url":"https:\/\/pubeurope.com\/@ee\/116211836472292311","error":""},"_links":{"self":[{"href":"https:\/\/www.europesays.com\/ee\/wp-json\/wp\/v2\/posts\/126624","targetHints":{"allow":["GET"]}}],"collection":[{"href":"https:\/\/www.europesays.com\/ee\/wp-json\/wp\/v2\/posts"}],"about":[{"href":"https:\/\/www.europesays.com\/ee\/wp-json\/wp\/v2\/types\/post"}],"author":[{"embeddable":true,"href":"https:\/\/www.europesays.com\/ee\/wp-json\/wp\/v2\/users\/2"}],"replies":[{"embeddable":true,"href":"https:\/\/www.europesays.com\/ee\/wp-json\/wp\/v2\/comments?post=126624"}],"version-history":[{"count":0,"href":"https:\/\/www.europesays.com\/ee\/wp-json\/wp\/v2\/posts\/126624\/revisions"}],"wp:featuredmedia":[{"embeddable":true,"href":"https:\/\/www.europesays.com\/ee\/wp-json\/wp\/v2\/media\/126625"}],"wp:attachment":[{"href":"https:\/\/www.europesays.com\/ee\/wp-json\/wp\/v2\/media?parent=126624"}],"wp:term":[{"taxonomy":"category","embeddable":true,"href":"https:\/\/www.europesays.com\/ee\/wp-json\/wp\/v2\/categories?post=126624"},{"taxonomy":"post_tag","embeddable":true,"href":"https:\/\/www.europesays.com\/ee\/wp-json\/wp\/v2\/tags?post=126624"}],"curies":[{"name":"wp","href":"https:\/\/api.w.org\/{rel}","templated":true}]}}