{"id":126677,"date":"2026-03-11T19:10:07","date_gmt":"2026-03-11T19:10:07","guid":{"rendered":"https:\/\/www.europesays.com\/ee\/126677\/"},"modified":"2026-03-11T19:10:07","modified_gmt":"2026-03-11T19:10:07","slug":"intervjuu-%e2%9f%a9-reedel-kallavad-kosmikud-tumedust-teie-kevadesse","status":"publish","type":"post","link":"https:\/\/www.europesays.com\/ee\/126677\/","title":{"rendered":"INTERVJUU \u27e9 Reedel kallavad Kosmikud tumedust teie kevadesse"},"content":{"rendered":"<p>On see raskemeelsus ja melanhoolia? V\u00f5i must huumor? V\u00f5i mingi isep\u00e4ine v\u00e4\u00e4rikus, \u00fcrgeestilik professionaalsus, mis laseb neil aastast aastasse edasi\u2026 jah, mida teha? Ei, seda mitte. Selleks et r\u00fchkida, on nad liiga head, liiga \u2026 k\u00f5ike. Samas pole nende liikumine l\u00e4bi aja ja ruumi ka liuglemine. Selleks on Kosmikud liiga tumedad, liiga s\u00fcnged, liiga kahe jalaga maa peal.<\/p>\n<p>Olgu kuidas on, tumedale helikeelele ja igatsuslikule l\u00fc\u00fcrikale vaatamata ei m\u00f5ju Kosmikud poosetavate kannatajatena. Nende tegevus m\u00f5jub loomulikult. Vilunud t\u00f6\u00f6meeste moodi loomulikult: mehed on aastatega lihvinud oma vormi selliseks, et laval seistes pole vaja enam midagi t\u00f5estada.<\/p>\n","protected":false},"excerpt":{"rendered":"On see raskemeelsus ja melanhoolia? V\u00f5i must huumor? V\u00f5i mingi isep\u00e4ine v\u00e4\u00e4rikus, \u00fcrgeestilik professionaalsus, mis laseb neil aastast&hellip;\n","protected":false},"author":2,"featured_media":126678,"comment_status":"","ping_status":"","sticky":false,"template":"","format":"standard","meta":{"footnotes":"","_share_on_mastodon":"0"},"categories":[16],"tags":[58268,37,33,35,19154,52324,173,34,36,56328,58269,25012,26154,58270,140,43233,58271],"class_list":["post-126677","post","type-post","status-publish","format-standard","has-post-thumbnail","category-meelelahutus","tag-andres-vana","tag-ee","tag-eesti","tag-eesti-keel","tag-eesti-muusikaauhinnad","tag-elmu-vark","tag-entertainment","tag-estonia","tag-estonian","tag-hiiu-pubi","tag-kosmikud","tag-kristo-rajasaare","tag-kuldne-plaat","tag-lauri-leis","tag-meelelahutus","tag-meelis-hainsoo","tag-surm-louna-saksamaal"],"share_on_mastodon":{"url":"https:\/\/pubeurope.com\/@ee\/116212126527836101","error":""},"_links":{"self":[{"href":"https:\/\/www.europesays.com\/ee\/wp-json\/wp\/v2\/posts\/126677","targetHints":{"allow":["GET"]}}],"collection":[{"href":"https:\/\/www.europesays.com\/ee\/wp-json\/wp\/v2\/posts"}],"about":[{"href":"https:\/\/www.europesays.com\/ee\/wp-json\/wp\/v2\/types\/post"}],"author":[{"embeddable":true,"href":"https:\/\/www.europesays.com\/ee\/wp-json\/wp\/v2\/users\/2"}],"replies":[{"embeddable":true,"href":"https:\/\/www.europesays.com\/ee\/wp-json\/wp\/v2\/comments?post=126677"}],"version-history":[{"count":0,"href":"https:\/\/www.europesays.com\/ee\/wp-json\/wp\/v2\/posts\/126677\/revisions"}],"wp:featuredmedia":[{"embeddable":true,"href":"https:\/\/www.europesays.com\/ee\/wp-json\/wp\/v2\/media\/126678"}],"wp:attachment":[{"href":"https:\/\/www.europesays.com\/ee\/wp-json\/wp\/v2\/media?parent=126677"}],"wp:term":[{"taxonomy":"category","embeddable":true,"href":"https:\/\/www.europesays.com\/ee\/wp-json\/wp\/v2\/categories?post=126677"},{"taxonomy":"post_tag","embeddable":true,"href":"https:\/\/www.europesays.com\/ee\/wp-json\/wp\/v2\/tags?post=126677"}],"curies":[{"name":"wp","href":"https:\/\/api.w.org\/{rel}","templated":true}]}}