{"id":126738,"date":"2026-03-11T20:20:07","date_gmt":"2026-03-11T20:20:07","guid":{"rendered":"https:\/\/www.europesays.com\/ee\/126738\/"},"modified":"2026-03-11T20:20:07","modified_gmt":"2026-03-11T20:20:07","slug":"juhtkiri-%e2%9f%a9-kuidas-saada-lapsi","status":"publish","type":"post","link":"https:\/\/www.europesays.com\/ee\/126738\/","title":{"rendered":"JUHTKIRI \u27e9 Kuidas saada lapsi"},"content":{"rendered":"<p>Meenutame m\u00f5ningaid fakte, m\u00f5istmaks meie hetkeolukorra s\u00fcngust. L\u00e4inud aastal s\u00fcndis vaid 9092 last, mis on k\u00f5ige v\u00e4iksem s\u00fcndide arv alates 1919. aastast, mil Eestis hakati j\u00e4rjepidevalt s\u00fcndide statistikat pidama. Trend on olnud langev juba mitmeid aastaid. Meie s\u00fcndimuskordaja on 1,3 (last naise kohta), rahvastiku p\u00fcsimiseks oleks vaja aga s\u00fcndimuskordajat 2,1.<\/p>\n<p>Meid ei peaks rahustama asjaolu, et suures osas maailmas on samuti lood nigelad. Eesti rahvas on v\u00e4ikerahvas ning meie rahvusena allesp\u00fcsimise kriitiline mass saabub suurte rahvastega v\u00f5rreldes varem. Meil on vaja p\u00f5him\u00f5ttelist arusaama muutust ning madala s\u00fcndimuse kuulutamist Eesti riigi k\u00f5ige peamiseks probleemiks, mille v\u00f5imalike lahenduste kontekstis kaalutakse k\u00f5iki meie suuri investeeringuid, olulisi seadusi, riiklikke poliitikaid.<\/p>\n<blockquote class=\"quote ck-widget\" contenteditable=\"false\">\n<p>Meil on vaja p\u00f5him\u00f5ttelist arusaama muutust ning madala s\u00fcndimuse kuulutamist Eesti riigi k\u00f5ige peamiseks probleemiks.<\/p>\n<\/blockquote>\n<p>Aasta tagasi k\u00e4isid LHV panga majandusanal\u00fc\u00fctik Heido Vitsur ja ettev\u00f5tja Indrek Neivelt Postimehe veergudel v\u00e4lja programmilise idee tasustada laste kasvatamist ning hakata laste emale maksma palka: kolme lapse ema peaks saama riigi keskmist palka, mis on meie keskmist palka arvestades praegu 2000 eurot kuus.<\/p>\n<p>M\u00f5lemad mehed olid kohal ka kolmap\u00e4evasel konverentsil ja esinesid ettekannetega. Indrek Neivelti s\u00f5nul on praegu Jaapan maailmas parimaks n\u00e4iteks sellest, mis toimub pikka aega kahaneva rahvastikuga riigis. Seal on palju kapitali, kuid v\u00e4he t\u00f6\u00f6j\u00f5udu. Sama hakkab juhtuma Eestiski 20\u201330 aasta p\u00e4rast: kapitalipuudust pole, kuid on terav t\u00f6\u00f6j\u00f5upuudus. Seega, me peaksime Neivelti hinnangul suunama kapitali \u2013 mida meil on \u2013, et saada lapsi.<\/p>\n","protected":false},"excerpt":{"rendered":"Meenutame m\u00f5ningaid fakte, m\u00f5istmaks meie hetkeolukorra s\u00fcngust. L\u00e4inud aastal s\u00fcndis vaid 9092 last, mis on k\u00f5ige v\u00e4iksem s\u00fcndide&hellip;\n","protected":false},"author":2,"featured_media":126739,"comment_status":"","ping_status":"","sticky":false,"template":"","format":"standard","meta":{"footnotes":"","_share_on_mastodon":"0"},"categories":[12],"tags":[26,27,37,33,35,22956,34,36,31,32,21,4128,8316,2162,58304,28,29,19,11298,25,58305,45789,23,24,22,20,30],"class_list":["post-126738","post","type-post","status-publish","format-standard","has-post-thumbnail","category-eesti","tag-breaking-news","tag-breakingnews","tag-ee","tag-eesti","tag-eesti-keel","tag-eestis","tag-estonia","tag-estonian","tag-featured-news","tag-featurednews","tag-headlines","tag-heido-vitsur","tag-indrek-neivelt","tag-jaapan","tag-lapse-sunnitus","tag-latest-news","tag-latestnews","tag-news","tag-peretoetused","tag-populaarseimad-lood","tag-rahvastiku-probleem","tag-sundimuskordaja","tag-top-stories","tag-topstories","tag-uldised-uudised","tag-uudised","tag-viimased-uudised"],"share_on_mastodon":{"url":"","error":""},"_links":{"self":[{"href":"https:\/\/www.europesays.com\/ee\/wp-json\/wp\/v2\/posts\/126738","targetHints":{"allow":["GET"]}}],"collection":[{"href":"https:\/\/www.europesays.com\/ee\/wp-json\/wp\/v2\/posts"}],"about":[{"href":"https:\/\/www.europesays.com\/ee\/wp-json\/wp\/v2\/types\/post"}],"author":[{"embeddable":true,"href":"https:\/\/www.europesays.com\/ee\/wp-json\/wp\/v2\/users\/2"}],"replies":[{"embeddable":true,"href":"https:\/\/www.europesays.com\/ee\/wp-json\/wp\/v2\/comments?post=126738"}],"version-history":[{"count":0,"href":"https:\/\/www.europesays.com\/ee\/wp-json\/wp\/v2\/posts\/126738\/revisions"}],"wp:featuredmedia":[{"embeddable":true,"href":"https:\/\/www.europesays.com\/ee\/wp-json\/wp\/v2\/media\/126739"}],"wp:attachment":[{"href":"https:\/\/www.europesays.com\/ee\/wp-json\/wp\/v2\/media?parent=126738"}],"wp:term":[{"taxonomy":"category","embeddable":true,"href":"https:\/\/www.europesays.com\/ee\/wp-json\/wp\/v2\/categories?post=126738"},{"taxonomy":"post_tag","embeddable":true,"href":"https:\/\/www.europesays.com\/ee\/wp-json\/wp\/v2\/tags?post=126738"}],"curies":[{"name":"wp","href":"https:\/\/api.w.org\/{rel}","templated":true}]}}