{"id":126746,"date":"2026-03-11T20:29:09","date_gmt":"2026-03-11T20:29:09","guid":{"rendered":"https:\/\/www.europesays.com\/ee\/126746\/"},"modified":"2026-03-11T20:29:09","modified_gmt":"2026-03-11T20:29:09","slug":"err-washingtonis-ameeriklased-ei-usu-et-kutuse-korge-hind-lahiajal-langeb-valismaa","status":"publish","type":"post","link":"https:\/\/www.europesays.com\/ee\/126746\/","title":{"rendered":"ERR Washingtonis: ameeriklased ei usu, et k\u00fctuse k\u00f5rge hind l\u00e4hiajal langeb | V\u00e4lismaa"},"content":{"rendered":"<p>K\u00fctuse j\u00e4rsk hinnat\u00f5us on tekitanud pahameelt Ameerika \u00dchendriikides. K\u00fcsitlused n\u00e4itavad, et suurem osa ameeriklastest ei looda l\u00e4hiajal ka olulist hinnalangust.<\/p>\n<p>N\u00e4dala alguses kerkisid k\u00fctusehinnad USA tanklates j\u00e4rsult. Keskmine hind t\u00f5usis v\u00f5rreldes eelnenud n\u00e4dalatega ligi 50 senti galloni kohta.<\/p>\n<p>Kuigi esimesest \u0161okist on n\u00fc\u00fcdseks \u00fcle saadud, on hinnad tavap\u00e4rasega v\u00f5rreldes endiselt k\u00f5rged. Mitmel pool kallimates piirkondades \u00fcletab liitri hind \u00fche euro piiri. See on hind, mida ameeriklased pole harjunud maksma.<\/p>\n<p>&#8220;Maksin just 42 dollarit ja 46 senti. Selle raha eest oleks saanud midagi palju paremat teha. Aga te olete Euroopast ja ma tean, et seal on k\u00fctus igap\u00e4evaselt palju kallim. Ehk rahvusvahelises v\u00f5rdluses on see siin ikkagi odav,&#8221; vastas Mary k\u00fcsimusele, kui palju maksis paak k\u00fctust.<\/p>\n<p>Murelikumad on need, kes kasutavad autot igap\u00e4evaselt.<\/p>\n<p>&#8220;See m\u00f5jutab mu l\u00f5unat. Ma ei s\u00f6\u00f6 t\u00e4na l\u00f5unat, sest ma panin 25 dollarit sisse. Varem sain 25 dollari eest paagi t\u00e4is,&#8221; lausus Omar.<\/p>\n<p>&#8220;Mind see ei m\u00f5juta nii palju kui teisi, sest ma ei s\u00f5ida eriti palju. Ma elan ja t\u00f6\u00f6tan samas piirkonnas. Ma tangin v\u00f5ib-olla kord kuus. Nii et ma ei vaja k\u00fctust v\u00e4ga tihti ja pere teine auto on elektriauto,&#8221; \u00fctles Louisa.<\/p>\n<p>Valge Maja on r\u00f5hutanud, et nafta hinna h\u00fcppeline t\u00f5us Iraani r\u00fcnnakute tagaj\u00e4rjel on ajutine ja ootusp\u00e4rane.<\/p>\n<p>&#8220;Kui operatsiooni Epic Fury riikliku julgeoleku eesm\u00e4rgid on t\u00e4ielikult saavutatud, n\u00e4evad ameeriklased nafta- ja k\u00fctusehindade kiiret langust. V\u00f5imalik, et isegi madalamat taset kui enne operatsiooni algust,&#8221; s\u00f5nas Valge Maja pressiesindaja Karoline Leavitt.<\/p>\n<p>Autojuhtidel sellesse usku ei ole. Ka viimased k\u00fcsitlused n\u00e4itavad, et suurem osa ameeriklastest ei oota l\u00e4hiajal olulist hinnalangust.<\/p>\n<p>&#8220;Ma sooviks, et ma oleks vihane. Sooviks, et saaksin anda teile mingi p\u00f6\u00f6rase klipi \u00fchest ameeriklasest, aga mis seal ikka. Nii see on. Isegi kui hinnad langevad, siis ainult j\u00e4rgmise korrani,&#8221; lausus Brian.<\/p>\n<p>&#8220;K\u00f5rge hind j\u00e4\u00e4b kauaks kestma. Ilmselt k\u00fcll. Praegu on tulemas suvi, nii et v\u00e4hemalt aasta l\u00f5puni (p\u00fcsib hind k\u00f5rge &#8211; toim), aga see hakkab m\u00f5jutama peaaegu k\u00f5ike,&#8221; \u00fctles Mary.<\/p>\n<p>Valgesse Majja naastes lubas Donald Trump elukalliduse kontrolli alla saada ja inflatsiooni ohjeldada. Kui k\u00fctusehinnad p\u00fcsivad k\u00f5rged ja s\u00f5da Iraanis venib, v\u00f5ivad need saada \u00fcheks keskseks k\u00fcsimuseks novembris toimuvatel vahevalimistel.<\/p>\n","protected":false},"excerpt":{"rendered":"K\u00fctuse j\u00e4rsk hinnat\u00f5us on tekitanud pahameelt Ameerika \u00dchendriikides. K\u00fcsitlused n\u00e4itavad, et suurem osa ameeriklastest ei looda l\u00e4hiajal ka&hellip;\n","protected":false},"author":2,"featured_media":126715,"comment_status":"","ping_status":"","sticky":false,"template":"","format":"standard","meta":{"footnotes":"","_share_on_mastodon":"0"},"categories":[14],"tags":[131,130,324,37,33,35,58294,34,36,55666,3303,2202,8748,325],"class_list":["post-126746","post","type-post","status-publish","format-standard","has-post-thumbnail","category-ari","tag-ari","tag-business","tag-donald-trump","tag-ee","tag-eesti","tag-eesti-keel","tag-epic-fury","tag-estonia","tag-estonian","tag-iraan-usa","tag-karoline-leavitt","tag-kutuse-hind","tag-nafta-hind","tag-usa"],"share_on_mastodon":{"url":"https:\/\/pubeurope.com\/@ee\/116212437155556927","error":""},"_links":{"self":[{"href":"https:\/\/www.europesays.com\/ee\/wp-json\/wp\/v2\/posts\/126746","targetHints":{"allow":["GET"]}}],"collection":[{"href":"https:\/\/www.europesays.com\/ee\/wp-json\/wp\/v2\/posts"}],"about":[{"href":"https:\/\/www.europesays.com\/ee\/wp-json\/wp\/v2\/types\/post"}],"author":[{"embeddable":true,"href":"https:\/\/www.europesays.com\/ee\/wp-json\/wp\/v2\/users\/2"}],"replies":[{"embeddable":true,"href":"https:\/\/www.europesays.com\/ee\/wp-json\/wp\/v2\/comments?post=126746"}],"version-history":[{"count":0,"href":"https:\/\/www.europesays.com\/ee\/wp-json\/wp\/v2\/posts\/126746\/revisions"}],"wp:featuredmedia":[{"embeddable":true,"href":"https:\/\/www.europesays.com\/ee\/wp-json\/wp\/v2\/media\/126715"}],"wp:attachment":[{"href":"https:\/\/www.europesays.com\/ee\/wp-json\/wp\/v2\/media?parent=126746"}],"wp:term":[{"taxonomy":"category","embeddable":true,"href":"https:\/\/www.europesays.com\/ee\/wp-json\/wp\/v2\/categories?post=126746"},{"taxonomy":"post_tag","embeddable":true,"href":"https:\/\/www.europesays.com\/ee\/wp-json\/wp\/v2\/tags?post=126746"}],"curies":[{"name":"wp","href":"https:\/\/api.w.org\/{rel}","templated":true}]}}