{"id":126843,"date":"2026-03-11T22:44:09","date_gmt":"2026-03-11T22:44:09","guid":{"rendered":"https:\/\/www.europesays.com\/ee\/126843\/"},"modified":"2026-03-11T22:44:09","modified_gmt":"2026-03-11T22:44:09","slug":"viljandi-valla-lahiaastate-suurimat-ehitist-tahtis-projekteerida-17-ettevotet","status":"publish","type":"post","link":"https:\/\/www.europesays.com\/ee\/126843\/","title":{"rendered":"Viljandi valla l\u00e4hiaastate suurimat ehitist tahtis projekteerida 17 ettev\u00f5tet"},"content":{"rendered":"<p>Viljandi vallavalitsus tunnistas teisip\u00e4eval edukaks Tarvastu koolihoone projekteerija leidmiseks korraldatud riigihanke. Uut koolihoonet soovis projekteerida 17 ettev\u00f5tet, mis on selliste hangete puhul tavap\u00e4rasest k\u00fcmmekond rohkem.<\/p>\n<p>V\u00e4ikseima ja suurima pakkumise vahe oli kolmekordne. Edukaks tunnistati soodsaim pakkumine, mille oli teinud osa\u00fching Ribbon Consult ja mille maksumus on 103 540 eurot.<\/p>\n","protected":false},"excerpt":{"rendered":"Viljandi vallavalitsus tunnistas teisip\u00e4eval edukaks Tarvastu koolihoone projekteerija leidmiseks korraldatud riigihanke. Uut koolihoonet soovis projekteerida 17 ettev\u00f5tet, mis&hellip;\n","protected":false},"author":2,"featured_media":126844,"comment_status":"","ping_status":"","sticky":false,"template":"","format":"standard","meta":{"footnotes":"","_share_on_mastodon":"0"},"categories":[5],"tags":[10367,16277,26,27,37,33,35,1644,58323,34,36,58322,31,32,21,28,29,19,25,41767,11523,8560,58321,23,24,22,20,30,1775],"class_list":["post-126843","post","type-post","status-publish","format-standard","has-post-thumbnail","category-uldised-uudised","tag-alar-karu","tag-arendus","tag-breaking-news","tag-breakingnews","tag-ee","tag-eesti","tag-eesti-keel","tag-ehitus","tag-erki-heinaste","tag-estonia","tag-estonian","tag-evelin-orik","tag-featured-news","tag-featurednews","tag-headlines","tag-latest-news","tag-latestnews","tag-news","tag-populaarseimad-lood","tag-projekteerimine","tag-riigihange","tag-tarvastu-gumnaasium","tag-tarvastu-kool","tag-top-stories","tag-topstories","tag-uldised-uudised","tag-uudised","tag-viimased-uudised","tag-viljandi-vald"],"share_on_mastodon":{"url":"https:\/\/pubeurope.com\/@ee\/116212967914565763","error":""},"_links":{"self":[{"href":"https:\/\/www.europesays.com\/ee\/wp-json\/wp\/v2\/posts\/126843","targetHints":{"allow":["GET"]}}],"collection":[{"href":"https:\/\/www.europesays.com\/ee\/wp-json\/wp\/v2\/posts"}],"about":[{"href":"https:\/\/www.europesays.com\/ee\/wp-json\/wp\/v2\/types\/post"}],"author":[{"embeddable":true,"href":"https:\/\/www.europesays.com\/ee\/wp-json\/wp\/v2\/users\/2"}],"replies":[{"embeddable":true,"href":"https:\/\/www.europesays.com\/ee\/wp-json\/wp\/v2\/comments?post=126843"}],"version-history":[{"count":0,"href":"https:\/\/www.europesays.com\/ee\/wp-json\/wp\/v2\/posts\/126843\/revisions"}],"wp:featuredmedia":[{"embeddable":true,"href":"https:\/\/www.europesays.com\/ee\/wp-json\/wp\/v2\/media\/126844"}],"wp:attachment":[{"href":"https:\/\/www.europesays.com\/ee\/wp-json\/wp\/v2\/media?parent=126843"}],"wp:term":[{"taxonomy":"category","embeddable":true,"href":"https:\/\/www.europesays.com\/ee\/wp-json\/wp\/v2\/categories?post=126843"},{"taxonomy":"post_tag","embeddable":true,"href":"https:\/\/www.europesays.com\/ee\/wp-json\/wp\/v2\/tags?post=126843"}],"curies":[{"name":"wp","href":"https:\/\/api.w.org\/{rel}","templated":true}]}}