{"id":126854,"date":"2026-03-11T23:03:22","date_gmt":"2026-03-11T23:03:22","guid":{"rendered":"https:\/\/www.europesays.com\/ee\/126854\/"},"modified":"2026-03-11T23:03:22","modified_gmt":"2026-03-11T23:03:22","slug":"ekspress-grupi-endine-juht-liitub-coop-panga-noukoguga","status":"publish","type":"post","link":"https:\/\/www.europesays.com\/ee\/126854\/","title":{"rendered":"Ekspress Grupi endine juht liitub Coop Panga n\u00f5ukoguga"},"content":{"rendered":"<p>Eelmisel aastal teenis pank 28,7 miljonit eurot kasumit, mis kahanes aastaga 11%. Sellest l\u00e4heb dividendina jagamisele veerand ehk kokku 6,7 miljonit eurot. Praeguse hinna juures on dividenditootluseks 3%. Aasta tagasi maksti dividendina v\u00e4lja 7,2 miljonit eurot ehk 7 senti aktsia kohta. Tunamullu maksti 8,7 senti aktsia kohta. Coop Pangal on kokku \u00fcle 32 000 aktsion\u00e4ri.<\/p>\n<p>Coop Panga laenuportfell ulatus 2025. aasta l\u00f5pu seisuga 2,11 miljardi euroni, kasvades aastaga 340 miljoni euro v\u00f5rra (+19%). Panga laenude turuosa kasvas aastaga 6,5% pealt 7,1% peale. Tegevustulud olid kokku 79,4 miljonit eurot, langedes 3,1%.<\/p>\n<p>\u201eCoop Panga eesm\u00e4rk on kahekordistada kasum 2030. aastaks ja j\u00f5uda v\u00e4hemalt 60 miljoni euro suuruse puhaskasumini. Selge kasvustrateegia k\u00f5rval peame t\u00e4htsaks ka aktsion\u00e4ridele stabiilse ja prognoositava tulu tagamist. Seet\u00f5ttu j\u00e4tkame dividendipoliitikat, mille kohaselt maksame igal aastal aktsion\u00e4ridele v\u00e4lja 25% maksueelsest kasumist. See on meie pikaajaline kohustus investorite ees,\u201c \u00fctles Coop Panga juhatuse esimees Arko Kurtmann pressiteates.<\/p>\n<p>Dividendi m\u00e4\u00e4ramine kinnitatakse 8. aprillil aktsion\u00e4ride korralisel \u00fcldkoosolekul. Aktsion\u00e4ride nimekiri dividendide saamiseks fikseeritakse aprilli l\u00f5pus: viimane p\u00e4ev dividendi\u00f5igusega aktsiate ostmiseks on 21. aprill ning v\u00e4ljamaksed tehakse 27. aprillil.<\/p>\n<p>Lisaks dividendidele h\u00e4\u00e4letavad aktsion\u00e4rid panga aktsiate tagasiostu programmi \u00fcle. Pank soovib osta tagasi kuni 3% aktsiatest, et realiseerida t\u00f6\u00f6tajate optsiooniprogramm.<\/p>\n<p>\u00dcldkoosoleku p\u00e4evakorras on ka n\u00f5ukogu uue koosseisu valimine. Kandidaatidena on lisaks senistele liikmetele Rainer Rohtlale, Viljar Arakasele, Silver Kuusile ja Roman Provotorovile \u00fcles seatud Ekspress Grupi endine juht <a rel=\"noopener nofollow\" target=\"_blank\" href=\"https:\/\/www.delfi.ee\/teema\/64919818\/mari-liis-ruutsalu\" tag-id=\"64919818\">Mari-Liis R\u00fc\u00fctsalu<\/a> ning Coop Harju juht Kadri Aguraiuja. R\u00fc\u00fctsalu ja Aguraiuja asendavad n\u00f5ukogus Jaan Marjundit ja Raul Paruskit.<\/p>\n<p>Kuidas see lugu Sind end tundma pani? Saada <a href=\"https:\/\/arileht.delfi.ee\/a\/120441670\/ekspress-grupi-endine-juht-liitub-coop-panga-noukoguga\/kommentaarid\" class=\"article-body-bottom__comment article-body-bottom__comment--write button button--primary button--size-auto\" rel=\"nofollow noopener\" target=\"_blank\"> Kommenteeri <\/a><a href=\"https:\/\/arileht.delfi.ee\/a\/120441670\/ekspress-grupi-endine-juht-liitub-coop-panga-noukoguga\/kommentaarid\" class=\"article-body-bottom__comment article-body-bottom__comment--read button button--size-auto\" rel=\"nofollow noopener\" target=\"_blank\"> Loe kommentaare (1)<\/a><\/p>\n","protected":false},"excerpt":{"rendered":"Eelmisel aastal teenis pank 28,7 miljonit eurot kasumit, mis kahanes aastaga 11%. Sellest l\u00e4heb dividendina jagamisele veerand ehk&hellip;\n","protected":false},"author":2,"featured_media":126855,"comment_status":"","ping_status":"","sticky":false,"template":"","format":"standard","meta":{"footnotes":"","_share_on_mastodon":"0"},"categories":[14],"tags":[131,68,130,5638,32210,37,33,35,34,36,780,10652],"class_list":["post-126854","post","type-post","status-publish","format-standard","has-post-thumbnail","category-ari","tag-ari","tag-bors","tag-business","tag-coop-pank","tag-dividend","tag-ee","tag-eesti","tag-eesti-keel","tag-estonia","tag-estonian","tag-investeerimine","tag-mari-liis-ruutsalu"],"share_on_mastodon":{"url":"https:\/\/pubeurope.com\/@ee\/116213042552946532","error":""},"_links":{"self":[{"href":"https:\/\/www.europesays.com\/ee\/wp-json\/wp\/v2\/posts\/126854","targetHints":{"allow":["GET"]}}],"collection":[{"href":"https:\/\/www.europesays.com\/ee\/wp-json\/wp\/v2\/posts"}],"about":[{"href":"https:\/\/www.europesays.com\/ee\/wp-json\/wp\/v2\/types\/post"}],"author":[{"embeddable":true,"href":"https:\/\/www.europesays.com\/ee\/wp-json\/wp\/v2\/users\/2"}],"replies":[{"embeddable":true,"href":"https:\/\/www.europesays.com\/ee\/wp-json\/wp\/v2\/comments?post=126854"}],"version-history":[{"count":0,"href":"https:\/\/www.europesays.com\/ee\/wp-json\/wp\/v2\/posts\/126854\/revisions"}],"wp:featuredmedia":[{"embeddable":true,"href":"https:\/\/www.europesays.com\/ee\/wp-json\/wp\/v2\/media\/126855"}],"wp:attachment":[{"href":"https:\/\/www.europesays.com\/ee\/wp-json\/wp\/v2\/media?parent=126854"}],"wp:term":[{"taxonomy":"category","embeddable":true,"href":"https:\/\/www.europesays.com\/ee\/wp-json\/wp\/v2\/categories?post=126854"},{"taxonomy":"post_tag","embeddable":true,"href":"https:\/\/www.europesays.com\/ee\/wp-json\/wp\/v2\/tags?post=126854"}],"curies":[{"name":"wp","href":"https:\/\/api.w.org\/{rel}","templated":true}]}}