{"id":126936,"date":"2026-03-12T04:25:07","date_gmt":"2026-03-12T04:25:07","guid":{"rendered":"https:\/\/www.europesays.com\/ee\/126936\/"},"modified":"2026-03-12T04:25:07","modified_gmt":"2026-03-12T04:25:07","slug":"parsia-lahes-toimus-runnak-kahele-naftatankerile-valismaa","status":"publish","type":"post","link":"https:\/\/www.europesays.com\/ee\/126936\/","title":{"rendered":"P\u00e4rsia lahes toimus r\u00fcnnak kahele naftatankerile | V\u00e4lismaa"},"content":{"rendered":"<p>\u00d6\u00f6l vastu neljap\u00e4eva r\u00fcnnati P\u00e4rsia lahes kaht Iraagi k\u00fctte\u00f5li vedanud tankerit. Esialgsetel andmetel on r\u00fcnnaku taga Iraan.<\/p>\n<p>Internetis levivates videotes on n\u00e4ha leekides naftatankereid. Teadete kohaselt r\u00fcndasid laevu l\u00f5hkekehadega t\u00e4idetud Iraani paadid.<\/p>\n<p>Iraagi riikliku meedia teatel on riigi naftasadamad p\u00e4rast r\u00fcnnakut t\u00f6\u00f6 t\u00e4ielikult peatanud, kuid kaubasadamad j\u00e4tkavad tegevust.<\/p>\n<p>Iraagi riigitelevisiooni neljap\u00e4evasel teatel hukkus r\u00fcnnakus \u00fcks meeskonnaliige. V\u00f5imude kinnitusel on seni p\u00e4\u00e4stetud 38 inimest ning kadunute otsingud j\u00e4tkuvad.<\/p>\n<p>Iraagi riiklik naftaorganisatsioon teatas, et r\u00fcnnaku sihtm\u00e4rkideks olid Malta lipu all s\u00f5itev Zefyros ja Marshalli saarte lipu all s\u00f5itev Safesea Vishnu. Tankereid r\u00fcnnati umbes 30 meremiili kaugusel Iraagi rannikust.<\/p>\n<p>Iraagi valitsuse meeskond \u00fctles riiklikule uudisteagentuurile INA, et kahe tankeri suhtes pandi toime diversiooniakt.<\/p>\n<p>Vahejuhtum leidis aset vaid m\u00f5ni tund p\u00e4rast seda, kui USA saatkond Bagdadis hoiatas, et Iraan ja sealse re\u017eiimi toetatud Iraagi r\u00fchmitused v\u00f5ivad r\u00fcnnata USA-le kuuluvaid naftarajatisi piirkonnas.<\/p>\n<p>Pingete eskaleerumise t\u00f5ttu on globaalsed naftaturud muutunud \u00e4\u00e4rmiselt ebastabiilseks. Iraan on hoiatanud, et nafta barrelihind v\u00f5ib t\u00f5usta 200 dollarini.<\/p>\n<blockquote class=\"twitter-tweet\" data-media-max-width=\"560\">\n<p lang=\"en\" dir=\"ltr\">Additional footage of the two oil tankers struck by Iran in the northern Persian Gulf tonight, both reportedly loaded with Iraqi oil.<\/p>\n<p>The tankers have been completely engulfed in flame, and are leaking burning oil. <a href=\"https:\/\/t.co\/wX2sNYZXuB\" rel=\"nofollow\">pic.twitter.com\/wX2sNYZXuB<\/a><\/p>\n<p>\u2014 OSINTtechnical (@Osinttechnical) <a href=\"https:\/\/twitter.com\/Osinttechnical\/status\/2031857005111992378?ref_src=twsrc%5Etfw\" rel=\"nofollow noopener\" target=\"_blank\">March 11, 2026<\/a><\/p><\/blockquote>\n<p><script async src=\"https:\/\/platform.twitter.com\/widgets.js\" charset=\"utf-8\"><\/script><\/p>\n","protected":false},"excerpt":{"rendered":"\u00d6\u00f6l vastu neljap\u00e4eva r\u00fcnnati P\u00e4rsia lahes kaht Iraagi k\u00fctte\u00f5li vedanud tankerit. Esialgsetel andmetel on r\u00fcnnaku taga Iraan. Internetis&hellip;\n","protected":false},"author":2,"featured_media":126937,"comment_status":"","ping_status":"","sticky":false,"template":"","format":"standard","meta":{"footnotes":"","_share_on_mastodon":"0"},"categories":[12],"tags":[26,27,37,33,35,34,36,31,32,21,4882,1925,4376,28,29,4257,35636,19,46526,25,7281,23,24,22,20,30],"class_list":["post-126936","post","type-post","status-publish","format-standard","has-post-thumbnail","category-eesti","tag-breaking-news","tag-breakingnews","tag-ee","tag-eesti","tag-eesti-keel","tag-estonia","tag-estonian","tag-featured-news","tag-featurednews","tag-headlines","tag-iraak","tag-iraan","tag-lahis-ida","tag-latest-news","tag-latestnews","tag-nafta","tag-naftatanker","tag-news","tag-parsia-laht","tag-populaarseimad-lood","tag-tanker","tag-top-stories","tag-topstories","tag-uldised-uudised","tag-uudised","tag-viimased-uudised"],"share_on_mastodon":{"url":"https:\/\/pubeurope.com\/@ee\/116214308750562382","error":""},"_links":{"self":[{"href":"https:\/\/www.europesays.com\/ee\/wp-json\/wp\/v2\/posts\/126936","targetHints":{"allow":["GET"]}}],"collection":[{"href":"https:\/\/www.europesays.com\/ee\/wp-json\/wp\/v2\/posts"}],"about":[{"href":"https:\/\/www.europesays.com\/ee\/wp-json\/wp\/v2\/types\/post"}],"author":[{"embeddable":true,"href":"https:\/\/www.europesays.com\/ee\/wp-json\/wp\/v2\/users\/2"}],"replies":[{"embeddable":true,"href":"https:\/\/www.europesays.com\/ee\/wp-json\/wp\/v2\/comments?post=126936"}],"version-history":[{"count":0,"href":"https:\/\/www.europesays.com\/ee\/wp-json\/wp\/v2\/posts\/126936\/revisions"}],"wp:featuredmedia":[{"embeddable":true,"href":"https:\/\/www.europesays.com\/ee\/wp-json\/wp\/v2\/media\/126937"}],"wp:attachment":[{"href":"https:\/\/www.europesays.com\/ee\/wp-json\/wp\/v2\/media?parent=126936"}],"wp:term":[{"taxonomy":"category","embeddable":true,"href":"https:\/\/www.europesays.com\/ee\/wp-json\/wp\/v2\/categories?post=126936"},{"taxonomy":"post_tag","embeddable":true,"href":"https:\/\/www.europesays.com\/ee\/wp-json\/wp\/v2\/tags?post=126936"}],"curies":[{"name":"wp","href":"https:\/\/api.w.org\/{rel}","templated":true}]}}