{"id":126954,"date":"2026-03-12T05:32:07","date_gmt":"2026-03-12T05:32:07","guid":{"rendered":"https:\/\/www.europesays.com\/ee\/126954\/"},"modified":"2026-03-12T05:32:07","modified_gmt":"2026-03-12T05:32:07","slug":"hiigeltoetusele-lootnud-sillamae-jaatmetehas-otsib-ellujaamisvoimalusi-majandus","status":"publish","type":"post","link":"https:\/\/www.europesays.com\/ee\/126954\/","title":{"rendered":"Hiigeltoetusele lootnud Sillam\u00e4e j\u00e4\u00e4tmetehas otsib elluj\u00e4\u00e4misv\u00f5imalusi | Majandus"},"content":{"rendered":"<p>Sillam\u00e4ele tulema pidanud tekstiilij\u00e4\u00e4tmete \u00fcmbert\u00f6\u00f6tlemise tehas, mida Ettev\u00f5tluse ja Innovatsiooni Sihtasutus (EISA) lubas toetada 39 miljoni euroga ning mis pidi valmis saama selle aasta l\u00f5puks, otsib elluj\u00e4\u00e4misv\u00f5imalusi, kirjutab <a href=\"https:\/\/www.postimees.ee\/8430870\/analuus-rohepoorde-probleem-pole-rohelisus-vaid-plaanimajandus\" rel=\"nofollow noopener\" target=\"_blank\">Postimees<\/a>.<\/p>\n<p><a href=\"https:\/\/www.postimees.ee\/8430870\/analuus-rohepoorde-probleem-pole-rohelisus-vaid-plaanimajandus\" target=\"_blank\" rel=\"noopener nofollow\">Ajalehe v\u00e4itel<\/a> osutus tehnoloogia, millega EISA-lt raha k\u00fcsiti (ja millele EISA rohelise tule andis) blufiks ja projektivedaja bluffijaks \u2013 polnud toodet, polnud sertifikaate, polnud sisulist \u00e4riplaani, ainult ilus jutt ringmajandusest, rohep\u00f6\u00f6rdest ning efektne Power Pointi fail.<\/p>\n<p>Praeguseks on tollane asutaja projektist v\u00e4lja ostetud ning allesj\u00e4\u00e4nud osanikud \u00fcritavad p\u00e4\u00e4sta, mis p\u00e4\u00e4sta annab. Projekti juhtiv Markus H\u00e4\u00e4l nimetas seda siiski perspektiivikaks, \u00f6eldes, et koost\u00f6\u00f6d tehakse Aalto \u00fclikooliga ning EISA-lt on taotletud ajapikendust.<\/p>\n<p>Kui Postimees m\u00f5ni n\u00e4dal tagasi EISA-ga samal teemal vestles, kinnitasid ametnikud, et ka nende meelest on Sillam\u00e4e projekt endiselt elus, ent EISA vastus k\u00f5las Postimehele v\u00e4hem innukamalt kui aasta tagasi: n\u00fc\u00fcd viidatakse pigem, et aega veel on ja uuenduslikud asjad ongi riskantsed, kuid hurraaoptimismi enam ei k\u00f5la.<\/p>\n<p>2025. aasta jaanuaris teatas EISA, et annab \u00f5iglase \u00fclemineku fondi kaudu 39 miljonit toetust ettev\u00f5ttele, mis kavatseb kokku ligikaudu 100 miljonit euro suurust investeeringut n\u00f5udva tekstiilij\u00e4\u00e4tmete sorteerimis- ja purustamiskeskuse, tekstiilikiust ehitusplaatide tootmise ning ehituspaneelide tootmise tehase.<\/p>\n<p>Kolmel tekstiilij\u00e4\u00e4tmete t\u00f6\u00f6tlemisega tegelema hakata plaanival firmal oli \u00fchine osanik Greenful Holding B.V, mida juhtis endine kiirlaenu\u00e4rimees Toomas Allikas.<\/p>\n<p><a href=\"https:\/\/www.err.ee\/1609815189\/hiigeltoetust-saava-sillamae-jaatmetehase-suuromanik-on-juhtrollist-torjutud\" target=\"_blank\" rel=\"noopener nofollow\">Mullu septembris kirjutas ERR<\/a>, et selleks ajaks oli Greenful Holding B.V osalus kahanenud varasema 49 protsendi juurest k\u00f5igest 2,3 protsendini.<\/p>\n<p><a href=\"https:\/\/www.aripaev.ee\/uudised\/2025\/09\/24\/partnerid-lukkasid-suuromaniku-nurka-hiigeltoetusega-toostuses-kerivad-pinged\" target=\"_blank\" rel=\"noopener nofollow\">\u00c4rip\u00e4eva allikate<\/a> s\u00f5nul oli pisiosanikuks taandumise p\u00f5hjus partnerite rahulolematus, et see ei panustanud lubade taotlemiseks ja muudeks tegevusteks kulunud sadadesse tuhandetesse ulatuvate kulude katmisse, polnud t\u00e4itnud lubadust kaasata projekti rahvusvahelisi investoreid ning lisaks oli Allika varasem isiklik pankrot raskendanud pankadest laenusaamist.<\/p>\n","protected":false},"excerpt":{"rendered":"Sillam\u00e4ele tulema pidanud tekstiilij\u00e4\u00e4tmete \u00fcmbert\u00f6\u00f6tlemise tehas, mida Ettev\u00f5tluse ja Innovatsiooni Sihtasutus (EISA) lubas toetada 39 miljoni euroga ning&hellip;\n","protected":false},"author":2,"featured_media":126955,"comment_status":"","ping_status":"","sticky":false,"template":"","format":"standard","meta":{"footnotes":"","_share_on_mastodon":"0"},"categories":[5],"tags":[26,27,37,33,35,2987,34,36,3871,31,32,21,28,29,19,25,2299,5787,23,24,22,20,30],"class_list":["post-126954","post","type-post","status-publish","format-standard","has-post-thumbnail","category-uldised-uudised","tag-breaking-news","tag-breakingnews","tag-ee","tag-eesti","tag-eesti-keel","tag-eisa","tag-estonia","tag-estonian","tag-ettevotluse-ja-innovatsiooni-sihtasutus","tag-featured-news","tag-featurednews","tag-headlines","tag-latest-news","tag-latestnews","tag-news","tag-populaarseimad-lood","tag-sillamae","tag-tekstiilijaatmete-tootlemine","tag-top-stories","tag-topstories","tag-uldised-uudised","tag-uudised","tag-viimased-uudised"],"share_on_mastodon":{"url":"https:\/\/pubeurope.com\/@ee\/116214572170920578","error":""},"_links":{"self":[{"href":"https:\/\/www.europesays.com\/ee\/wp-json\/wp\/v2\/posts\/126954","targetHints":{"allow":["GET"]}}],"collection":[{"href":"https:\/\/www.europesays.com\/ee\/wp-json\/wp\/v2\/posts"}],"about":[{"href":"https:\/\/www.europesays.com\/ee\/wp-json\/wp\/v2\/types\/post"}],"author":[{"embeddable":true,"href":"https:\/\/www.europesays.com\/ee\/wp-json\/wp\/v2\/users\/2"}],"replies":[{"embeddable":true,"href":"https:\/\/www.europesays.com\/ee\/wp-json\/wp\/v2\/comments?post=126954"}],"version-history":[{"count":0,"href":"https:\/\/www.europesays.com\/ee\/wp-json\/wp\/v2\/posts\/126954\/revisions"}],"wp:featuredmedia":[{"embeddable":true,"href":"https:\/\/www.europesays.com\/ee\/wp-json\/wp\/v2\/media\/126955"}],"wp:attachment":[{"href":"https:\/\/www.europesays.com\/ee\/wp-json\/wp\/v2\/media?parent=126954"}],"wp:term":[{"taxonomy":"category","embeddable":true,"href":"https:\/\/www.europesays.com\/ee\/wp-json\/wp\/v2\/categories?post=126954"},{"taxonomy":"post_tag","embeddable":true,"href":"https:\/\/www.europesays.com\/ee\/wp-json\/wp\/v2\/tags?post=126954"}],"curies":[{"name":"wp","href":"https:\/\/api.w.org\/{rel}","templated":true}]}}