{"id":127001,"date":"2026-03-12T06:58:36","date_gmt":"2026-03-12T06:58:36","guid":{"rendered":"https:\/\/www.europesays.com\/ee\/127001\/"},"modified":"2026-03-12T06:58:36","modified_gmt":"2026-03-12T06:58:36","slug":"aues-peatas-too-maailma-uks-suurimaid-naftatehaseid-maailm-postimees-ee","status":"publish","type":"post","link":"https:\/\/www.europesays.com\/ee\/127001\/","title":{"rendered":"A\u00dcEs peatas t\u00f6\u00f6 maailma \u00fcks suurimaid naftatehaseid &#8211; Maailm &#8211; Postimees.ee"},"content":{"rendered":"<ol>\n<li><a href=\"https:\/\/news.google.com\/rss\/articles\/CBMikAFBVV95cUxNYUs3T1o3VldORlJMdUdHaWh0Y3BPM01acmNQTDNUVkI2RU1RUDVtRjQteW04dlBGRUV6RXB1djBvbllUeTl3Q1A4Z1FnbktXWmNCWHU4bGF2M19NSXpHX29VSXNLZU5WSUhrT1VmTjl3N2lrc3g5WXdSdXdUYmhTUVp0UnFCbzF5WUUwWVJzUDg?oc=5\" target=\"_blank\" rel=\"nofollow noopener\">A\u00dcEs peatas t\u00f6\u00f6 maailma \u00fcks suurimaid naftatehaseid<\/a>&nbsp;&nbsp;Maailm &#8211; Postimees.ee<\/li>\n<li><a href=\"https:\/\/news.google.com\/rss\/articles\/CBMihAFBVV95cUxOeVlKRlRRTkQ5bGZYUXpvYm95bWhKeHJpTUdHNHUyR0s2X3ZmMm1xRy1HalFNbE9LNm13anhsQUQxWHJPOHZVcWFZRk9WX1k0Ynh2YmNDSEFjZG1CMHhUQzV6cjRvVmYwM1ZaNEZqTl9Ib2VCUHhIWW5xQ01VdUtlQjZLcWI?oc=5\" target=\"_blank\" rel=\"nofollow noopener\">P\u00e4rsia lahes toimus r\u00fcnnak kahele naftatankerile<\/a>&nbsp;&nbsp;ERR<\/li>\n<li><a href=\"https:\/\/news.google.com\/rss\/articles\/CBMigwFBVV95cUxOSU8wRGV2VGxSS3E1NVFiLVNWb2Q5d1RkVUJMNFNCQzM5TU0zTG40bHBwdWhxUGF4WDRsX0hmcGFjNklHVnlBcFhvTjh0SnFiNE0xSDBxTUFOOURGVkdnRHR2ang2NWJmRUJkTlJPTzVudlhxSDVpdUREWFZ4Y3h0WU9QUQ?oc=5\" target=\"_blank\" rel=\"nofollow noopener\">VIDEO: Iraan tabas USA tankerit, mis s\u00fcttis p\u00f5lema<\/a>&nbsp;&nbsp;eestinen<\/li>\n<li><a href=\"https:\/\/news.google.com\/rss\/articles\/CBMitgFBVV95cUxPT29EelBReDg4cTBFMmgyVHZkZERHZ3JuUk5OdWY2OWZMUGtEdTNieFlyNFhWRTA1QlJ2VGEtVUplR0huT2M5dUp0d2F0cDhVV3loWUUtRmcxbHd6ZHRMUzJtd2pBQmk3MG12T1BiSnNkYmVPX0MtM3RfWUY0UDZDUmZfNkw2NlJxR3FHdFZJSDZWb3RhTE43bTZWZTB2aW5RZThmODBKbFRMWU5GUW9JLWI5Y3VSZw?oc=5\" target=\"_blank\" rel=\"nofollow noopener\">Nafta kallines j\u00e4rsult: Iraani droonir\u00fcnnak tabas Omaani suurimat naftahoidlat<\/a>&nbsp;&nbsp;Majandus<\/li>\n<li><a href=\"https:\/\/news.google.com\/rss\/articles\/CBMiP0FVX3lxTE15cmRxRE5neWdheXB1TGdCRjUyX0h5LUR0UjJrVThYVTdweVpsZUtxdzNCZTBNYkN1enFBaXIxZw?oc=5\" target=\"_blank\" rel=\"nofollow noopener\">Valutav selg l\u00f5petas Austria ol\u00fcmpiav\u00f5itja hooaja varakult<\/a>&nbsp;&nbsp;Uudis.net<\/li>\n<\/ol>\n","protected":false},"excerpt":{"rendered":"A\u00dcEs peatas t\u00f6\u00f6 maailma \u00fcks suurimaid naftatehaseid&nbsp;&nbsp;Maailm &#8211; Postimees.ee P\u00e4rsia lahes toimus r\u00fcnnak kahele naftatankerile&nbsp;&nbsp;ERR VIDEO: Iraan tabas&hellip;\n","protected":false},"author":2,"featured_media":127002,"comment_status":"","ping_status":"","sticky":false,"template":"","format":"standard","meta":{"footnotes":"","_share_on_mastodon":"0"},"categories":[80],"tags":[23759,58360,58361,26,27,324,37,33,35,34,36,31,32,21,46527,1925,17959,28,29,95,19,5532,46526,25,58362,58359,1228,23,24,22,20,30,92,93,94],"class_list":["post-127001","post","type-post","status-publish","format-standard","has-post-thumbnail","category-maailm","tag-abu-dhabi","tag-amin-h-nasser","tag-aramco","tag-breaking-news","tag-breakingnews","tag-donald-trump","tag-ee","tag-eesti","tag-eesti-keel","tag-estonia","tag-estonian","tag-featured-news","tag-featurednews","tag-headlines","tag-hormuzi-vain","tag-iraan","tag-kuveit","tag-latest-news","tag-latestnews","tag-maailm","tag-news","tag-opec","tag-parsia-laht","tag-populaarseimad-lood","tag-qatarenergy","tag-ruwaisi-rafineerimistehas","tag-saudi-araabia","tag-top-stories","tag-topstories","tag-uldised-uudised","tag-uudised","tag-viimased-uudised","tag-world","tag-world-news","tag-worldnews"],"share_on_mastodon":{"url":"","error":"Validation failed: Text character limit of 500 exceeded"},"_links":{"self":[{"href":"https:\/\/www.europesays.com\/ee\/wp-json\/wp\/v2\/posts\/127001","targetHints":{"allow":["GET"]}}],"collection":[{"href":"https:\/\/www.europesays.com\/ee\/wp-json\/wp\/v2\/posts"}],"about":[{"href":"https:\/\/www.europesays.com\/ee\/wp-json\/wp\/v2\/types\/post"}],"author":[{"embeddable":true,"href":"https:\/\/www.europesays.com\/ee\/wp-json\/wp\/v2\/users\/2"}],"replies":[{"embeddable":true,"href":"https:\/\/www.europesays.com\/ee\/wp-json\/wp\/v2\/comments?post=127001"}],"version-history":[{"count":0,"href":"https:\/\/www.europesays.com\/ee\/wp-json\/wp\/v2\/posts\/127001\/revisions"}],"wp:featuredmedia":[{"embeddable":true,"href":"https:\/\/www.europesays.com\/ee\/wp-json\/wp\/v2\/media\/127002"}],"wp:attachment":[{"href":"https:\/\/www.europesays.com\/ee\/wp-json\/wp\/v2\/media?parent=127001"}],"wp:term":[{"taxonomy":"category","embeddable":true,"href":"https:\/\/www.europesays.com\/ee\/wp-json\/wp\/v2\/categories?post=127001"},{"taxonomy":"post_tag","embeddable":true,"href":"https:\/\/www.europesays.com\/ee\/wp-json\/wp\/v2\/tags?post=127001"}],"curies":[{"name":"wp","href":"https:\/\/api.w.org\/{rel}","templated":true}]}}