{"id":127118,"date":"2026-03-12T09:33:06","date_gmt":"2026-03-12T09:33:06","guid":{"rendered":"https:\/\/www.europesays.com\/ee\/127118\/"},"modified":"2026-03-12T09:33:06","modified_gmt":"2026-03-12T09:33:06","slug":"aprillist-touseb-keskmine-vanaduspension-43-euro-vorra","status":"publish","type":"post","link":"https:\/\/www.europesays.com\/ee\/127118\/","title":{"rendered":"Aprillist t\u00f5useb keskmine vanaduspension 43 euro v\u00f5rra"},"content":{"rendered":"<p>Riik arvutab pensionid igal kevadel \u00fcmber, et hoida pensionid tasakaalus palkade ja hindade muutustega. Statistikaameti andmetel t\u00f5usid 2025. aastal hinnad 4,8 protsenti ja keskmine vanaduspension suureneb \u00fcle viie protsendi ehk veidi kiiremini kui hinnat\u00f5us. <\/p>\n<p>Pensionide indekseerimine on oluline, et pensionid p\u00fcsiksid koosk\u00f5las palgakasvu ja majanduse arenguga ning aitaksid hoida vanemaealiste eluj\u00e4rge. \u201ePensionide kasv peab andma inimestele kindlustunde igap\u00e4evaelus, et nad saaksid rahulikult hakkama nii igap\u00e4evaste kulude kui ka tervisega seotud v\u00e4ljaminekutega,\u201c \u00fctles sotsiaalminister Karmen Joller. \u201ePensionide indekseerimine puudutab umbes 328 000 pension\u00e4ri, mis t\u00e4hendab, et tegemist on \u00fche k\u00f5ige laiema m\u00f5juga sotsiaalpoliitilise otsusega aastas.\u201c   <\/p>\n<p>Vanaduspensioniealistele kehtib uuel aastal endiselt maksuvaba tulu 776 eurot kuus ehk 9312 eurot aastas. Seda rakendab Sotsiaalkindlustusamet automaatselt pensioni maksmisel. Kui vanaduspension on alla selle summa ja inimene t\u00f6\u00f6tab, siis on \u00f5igus esitada t\u00f6\u00f6andjale kirjalik avaldus maksuvaba tulu kasutamata osa arvestamiseks t\u00f6\u00f6tasule v\u00f5i muule tulule.  <\/p>\n<p>Rahvapensioni suurus on p\u00e4rast indekseerimist\u202f414,10 eurot.  <\/p>\n<p>Riigiportaalis eesti.ee ja <a rel=\"noopener noreferrer nofollow\" target=\"_blank\" href=\"https:\/\/www.eesti.ee\/eraisik\/et\/artikkel\/toetused-sotsiaalteenused-ja-pensionid\/pension\/pensionikalkulaator\" data-rel-date-range=\"[]\">Sotsiaalkindlustusameti iseteeninduses<\/a> on k\u00f5igile k\u00e4ttesaadav pensionikalkulaator, mis koondab inimese I, II ja III samba andmed \u00fchte vaatesse ning v\u00f5imaldab hinnata oma tulevast pensioni eri valikute korral. Oluline on teada, et pensionikalkulaatoris saab iga inimene pensionit\u00f5usuga seotud uusi summasid vaadata alates 1. aprillist 2026. <\/p>\n<p>Kehtestatavat pensioniindeksit kasutatakse ka Eesti T\u00f6\u00f6tukassa t\u00f6\u00f6v\u00f5imetoetuse p\u00e4evam\u00e4\u00e4ra indekseerimiseks, samuti indekseeritakse kahjuh\u00fcvitist t\u00f6\u00f6\u00f5nnetuse ja kutsehaiguse korral.\u202fT\u00f6\u00f6v\u00f5imetoetuse p\u00e4evam\u00e4\u00e4r on 1. aprillist 22,89 eurot ja osalise t\u00f6\u00f6v\u00f5ime korral on toetuse suuruseks 57% kehtivast p\u00e4evam\u00e4\u00e4rast, keskmiselt 391,42 eurot kuus ning puuduva t\u00f6\u00f6v\u00f5ime korral 100% kehtivast p\u00e4evam\u00e4\u00e4rast, keskmiselt 686,70 eurot kuus.  <\/p>\n<p>Iga kalendriaasta 1. aprillil indekseeritakse riiklikke pensione indeksiga, mille v\u00e4\u00e4rtus s\u00f5ltub 20% tarbijahinnaindeksi aastasest kasvust ja 80% sotsiaalmaksu pensionikindlustuse osa laekumise aastasest kasvust. <\/p>\n<p>M\u00e4\u00e4rus kehtestatakse riikliku pensionikindlustuse seaduse alusel Vabariigi Valitsuse m\u00e4\u00e4rusena, sest indeksi kehtestamine puudutab mitme ministeeriumi valitsemisala.\u202f\u202f <\/p>\n<p>Kuidas see lugu Sind end tundma pani? Saada <a href=\"https:\/\/arileht.delfi.ee\/artikkel\/120441844\/valitsus-kinnitas-tanavuse-pensionitousu\/kommentaarid\" class=\"article-body-bottom__comment article-body-bottom__comment--write button button--primary button--size-auto\" rel=\"nofollow noopener\" target=\"_blank\"> Kommenteeri <\/a><a href=\"https:\/\/arileht.delfi.ee\/artikkel\/120441844\/valitsus-kinnitas-tanavuse-pensionitousu\/kommentaarid\" class=\"article-body-bottom__comment article-body-bottom__comment--read button button--size-auto\" rel=\"nofollow noopener\" target=\"_blank\"> Loe kommentaare (7)<\/a><\/p>\n","protected":false},"excerpt":{"rendered":"Riik arvutab pensionid igal kevadel \u00fcmber, et hoida pensionid tasakaalus palkade ja hindade muutustega. Statistikaameti andmetel t\u00f5usid 2025.&hellip;\n","protected":false},"author":2,"featured_media":20290,"comment_status":"","ping_status":"","sticky":false,"template":"","format":"standard","meta":{"footnotes":"","_share_on_mastodon":"0"},"categories":[80],"tags":[26,27,37,33,35,34,36,31,32,21,28,29,95,19,25,23,24,22,20,7207,21216,30,92,93,94],"class_list":["post-127118","post","type-post","status-publish","format-standard","has-post-thumbnail","category-maailm","tag-breaking-news","tag-breakingnews","tag-ee","tag-eesti","tag-eesti-keel","tag-estonia","tag-estonian","tag-featured-news","tag-featurednews","tag-headlines","tag-latest-news","tag-latestnews","tag-maailm","tag-news","tag-populaarseimad-lood","tag-top-stories","tag-topstories","tag-uldised-uudised","tag-uudised","tag-vabariigi-valitsus","tag-vanaduspension","tag-viimased-uudised","tag-world","tag-world-news","tag-worldnews"],"share_on_mastodon":{"url":"https:\/\/pubeurope.com\/@ee\/116215519930887576","error":""},"_links":{"self":[{"href":"https:\/\/www.europesays.com\/ee\/wp-json\/wp\/v2\/posts\/127118","targetHints":{"allow":["GET"]}}],"collection":[{"href":"https:\/\/www.europesays.com\/ee\/wp-json\/wp\/v2\/posts"}],"about":[{"href":"https:\/\/www.europesays.com\/ee\/wp-json\/wp\/v2\/types\/post"}],"author":[{"embeddable":true,"href":"https:\/\/www.europesays.com\/ee\/wp-json\/wp\/v2\/users\/2"}],"replies":[{"embeddable":true,"href":"https:\/\/www.europesays.com\/ee\/wp-json\/wp\/v2\/comments?post=127118"}],"version-history":[{"count":0,"href":"https:\/\/www.europesays.com\/ee\/wp-json\/wp\/v2\/posts\/127118\/revisions"}],"wp:featuredmedia":[{"embeddable":true,"href":"https:\/\/www.europesays.com\/ee\/wp-json\/wp\/v2\/media\/20290"}],"wp:attachment":[{"href":"https:\/\/www.europesays.com\/ee\/wp-json\/wp\/v2\/media?parent=127118"}],"wp:term":[{"taxonomy":"category","embeddable":true,"href":"https:\/\/www.europesays.com\/ee\/wp-json\/wp\/v2\/categories?post=127118"},{"taxonomy":"post_tag","embeddable":true,"href":"https:\/\/www.europesays.com\/ee\/wp-json\/wp\/v2\/tags?post=127118"}],"curies":[{"name":"wp","href":"https:\/\/api.w.org\/{rel}","templated":true}]}}