{"id":127195,"date":"2026-03-12T10:59:12","date_gmt":"2026-03-12T10:59:12","guid":{"rendered":"https:\/\/www.europesays.com\/ee\/127195\/"},"modified":"2026-03-12T10:59:12","modified_gmt":"2026-03-12T10:59:12","slug":"luup-peale-too-kiire-ja-korralik-kalevi-najal-lustinud-paide-voib-euroopast-olla-uhe-voidu-kaugusel-galerii-soccernet-ee","status":"publish","type":"post","link":"https:\/\/www.europesays.com\/ee\/127195\/","title":{"rendered":"Luup peale | T\u00f6\u00f6 kiire ja korralik: Kalevi najal lustinud Paide v\u00f5ib Euroopast olla \u00fche v\u00f5idu kaugusel (galerii!) &#8211; Soccernet.ee"},"content":{"rendered":"<ol>\n<li><a href=\"https:\/\/news.google.com\/rss\/articles\/CBMi2gFBVV95cUxNdU9LV0wwYVBtXzZEZ3VrSnlyMDdWbkh3eTBqZmdRSzd3RFh3Z3R1eldnY3V2dTFnWTVCUFZrNHNtNGtQT0ZXYm5HT3p4Sjc4b2h6ZWQ4d2Ztbmc4dWF3WllJeS1YazdQNlJJNkEyNUdzT3lCVUk0UlBoaHZVLWI4VmlJNlVicHg3ak91MnFMdlItZDJZenFJNzJta0NuaXkxNmFCWG43dVhSMnFiMTlSdHVkdG5yM2tkTWRZTXczZExSc2VGSnZYYnFkbXg5M0JKLUFyVXRoZEttdw?oc=5\" target=\"_blank\" rel=\"nofollow noopener\">Luup peale | T\u00f6\u00f6 kiire ja korralik: Kalevi najal lustinud Paide v\u00f5ib Euroopast olla \u00fche v\u00f5idu kaugusel (galerii!)<\/a>&nbsp;&nbsp;Soccernet.ee<\/li>\n<li><a href=\"https:\/\/news.google.com\/rss\/articles\/CBMiuAFBVV95cUxOazQ3QklnbC12aTlKY1RpYjVFLWhoQ2ViWGN4Sks3b2s5SWgzUUtETnZnSEtBUDFYUk1ERTNrNjJuVTF2VEQtQzhaclRoLWV6V1NwWmFjUTZlelRLWC1wR1Z3c2YzQk01ZmlVNnBEUFl4QWNvWkN6RW1XQTZGeFFjTk0zaFRsMHZMbUlXUUF3b09vT1lkdFFLOHRLbFU2RnRkNUN2V2pVUXpSR2VhdXRJMmtKeXFoOWpG?oc=5\" target=\"_blank\" rel=\"nofollow noopener\">SUUR GALERII \u27e9 Tallinna Kalevi noored olid Paide linnameeskonnale lihtne saak<\/a>&nbsp;&nbsp;J\u00e4rva Teataja<\/li>\n<li><a href=\"https:\/\/news.google.com\/rss\/articles\/CBMi2AFBVV95cUxOUklZVF9OWEVsZUpfd2FaRFFibEpBMmF1d29YTHAwZ1hvd05XTUNiY0NPd3EyVXJXY1ZJOE5ldk0wMFh0N19Wd3VaVkRVMGN1eExaRU1yazBCNFVreEZkWFlaSHlKMmFFUUJnT2xXLWcxajZsS2h1aU1Da1JzS05DRm4zaW1XSWZhMkZLR3VKa3ZZTDVaRENDT1E5TGVGYW80eUNlbDVMTi1GZE8yR19aekNma3dsT1pOc2luRVV6Y1J6UHowTHF3QWdCQ2lpMGtkdHJfZHpsckU?oc=5\" target=\"_blank\" rel=\"nofollow noopener\">FOTOD | Paide Linnameeskond l\u00f5i karikasarjas Kalevile kuus v\u00e4ravat, Trans kukutas Viimsi lisaminutitel<\/a>&nbsp;&nbsp;Delfi Sport<\/li>\n<li><a href=\"https:\/\/news.google.com\/rss\/articles\/CBMipgFBVV95cUxPclN1NFJZNUZJbjZNVjdrMk5abzVIVXR0MDJzS3dlOVcxOS1ySmd2RmExZnVTNUtqT1J3eDVzZ3M4bGhYMWtlQzJfY2U4Q1pYZTFjMU5ZZHlReTcwS1dTTWp0V2x1WnBsaGlQM1k4TkUwRHpKRHllVGZUUldhdFhQTUtGM1F0VGh4M1NOTk1NdkZWNXBYNDhJeXE2MDFraGc4VHRHMkFR?oc=5\" target=\"_blank\" rel=\"nofollow noopener\">VAATA J\u00c4RELE: eurokohta himustav Paide l\u00f5i Kalevile kuus vastuseta v\u00e4ravat (galerii!)<\/a>&nbsp;&nbsp;Soccernet.ee<\/li>\n<li><a href=\"https:\/\/news.google.com\/rss\/articles\/CBMiswFBVV95cUxNWEp4anRzaUh1M3ZrNFlLRHIzckFCS0hFWHFjMURQQTkzYzlNUzd3S3h3Y29mV3ctX0hhODg0WkgzRll3SUFZOUFjWXBZUm5kQjVYYWdUS1VtTXoxdloyYnRQVllCOFlES0h1TG5qRkZybkhGRk9qSUJBLTdyOVZ5bnNIWk1acS02ZG5MeGxTR1pQZmNOY3J4M3ZfRWFfSDJ6c3JHcktVQXpGZlNVdGg2TFZpZw?oc=5\" target=\"_blank\" rel=\"nofollow noopener\">Lilander Paide purustust\u00f6\u00f6st: tegime eelmisest m\u00e4ngust vigade paranduse (Vetkal: pingutasime l\u00f5puni)<\/a>&nbsp;&nbsp;Soccernet.ee<\/li>\n<\/ol>\n","protected":false},"excerpt":{"rendered":"Luup peale | T\u00f6\u00f6 kiire ja korralik: Kalevi najal lustinud Paide v\u00f5ib Euroopast olla \u00fche v\u00f5idu kaugusel (galerii!)&nbsp;&nbsp;Soccernet.ee&hellip;\n","protected":false},"author":2,"featured_media":127196,"comment_status":"","ping_status":"","sticky":false,"template":"","format":"standard","meta":{"footnotes":"","_share_on_mastodon":"0"},"categories":[18],"tags":[37,33,35,34,36,1619,1443,1726,907,501,159,158,1343],"class_list":["post-127195","post","type-post","status-publish","format-standard","has-post-thumbnail","category-sport","tag-ee","tag-eesti","tag-eesti-keel","tag-estonia","tag-estonian","tag-kalev","tag-karikavoistlused","tag-luup-peale","tag-paide","tag-paide-linnameeskond","tag-sport","tag-sports","tag-tallinna-kalev"],"share_on_mastodon":{"url":"https:\/\/pubeurope.com\/@ee\/116215858021064631","error":""},"_links":{"self":[{"href":"https:\/\/www.europesays.com\/ee\/wp-json\/wp\/v2\/posts\/127195","targetHints":{"allow":["GET"]}}],"collection":[{"href":"https:\/\/www.europesays.com\/ee\/wp-json\/wp\/v2\/posts"}],"about":[{"href":"https:\/\/www.europesays.com\/ee\/wp-json\/wp\/v2\/types\/post"}],"author":[{"embeddable":true,"href":"https:\/\/www.europesays.com\/ee\/wp-json\/wp\/v2\/users\/2"}],"replies":[{"embeddable":true,"href":"https:\/\/www.europesays.com\/ee\/wp-json\/wp\/v2\/comments?post=127195"}],"version-history":[{"count":0,"href":"https:\/\/www.europesays.com\/ee\/wp-json\/wp\/v2\/posts\/127195\/revisions"}],"wp:featuredmedia":[{"embeddable":true,"href":"https:\/\/www.europesays.com\/ee\/wp-json\/wp\/v2\/media\/127196"}],"wp:attachment":[{"href":"https:\/\/www.europesays.com\/ee\/wp-json\/wp\/v2\/media?parent=127195"}],"wp:term":[{"taxonomy":"category","embeddable":true,"href":"https:\/\/www.europesays.com\/ee\/wp-json\/wp\/v2\/categories?post=127195"},{"taxonomy":"post_tag","embeddable":true,"href":"https:\/\/www.europesays.com\/ee\/wp-json\/wp\/v2\/tags?post=127195"}],"curies":[{"name":"wp","href":"https:\/\/api.w.org\/{rel}","templated":true}]}}