{"id":127322,"date":"2026-03-12T13:12:10","date_gmt":"2026-03-12T13:12:10","guid":{"rendered":"https:\/\/www.europesays.com\/ee\/127322\/"},"modified":"2026-03-12T13:12:10","modified_gmt":"2026-03-12T13:12:10","slug":"suri-rezissoor-peeter-simm-film","status":"publish","type":"post","link":"https:\/\/www.europesays.com\/ee\/127322\/","title":{"rendered":"Suri re\u017eiss\u00f6\u00f6r Peeter Simm | Film"},"content":{"rendered":"<p>73-aastaselt suri filmilavastaja Peeter Simm, kelle k\u00e4e all on muu hulgas valminud filmid &#8220;Ideaalmaastik&#8221;, &#8220;Arabella, merer\u00f6\u00f6vli t\u00fctar&#8221; ja &#8220;Vee peal&#8221;.<\/p>\n<p>Peeter Simm s\u00fcndis 24. veebruaril 1953. aastal Kivi\u00f5lis.<\/p>\n<p>Simm \u00f5ppis\u00a0N\u00f5o keskkoolis\u00a0f\u00fc\u00fcsikakallakuga klassis ja l\u00f5petas\u00a0Moskva \u00dcleliidulise Riikliku Kinematograafiainstituudi\u00a0m\u00e4ngufilmide re\u017eiss\u00f6\u00f6ri erialal\u00a01976. aastal.<\/p>\n<p>Aastatel 1975\u20131993 t\u00f6\u00f6tas Simm\u00a0Tallinnfilmis, algul re\u017eiss\u00f6\u00f6ri assistendina, seej\u00e4rel m\u00e4ngufilmide re\u017eiss\u00f6\u00f6rina.<\/p>\n<p>1993. aastal asutas ta stuudio\u00a0Lege Artis Film. Re\u017eiss\u00f6\u00f6rina on ta teinud koost\u00f6\u00f6d paljude stuudiotega. Ta lavastanud teatris, teinud keele\u00f5ppe- ja reklaamfilme, telesaateid jms. Lisaks t\u00f6\u00f6tas ta Balti filmi-, meedia-, kunstide ja kommunikatsiooni Instituudis\u00a0filmire\u017eii k\u00fclalisprofessorina.<\/p>\n<p>Simmi t\u00f6\u00f6de hulka kuuluvad muu hulgas m\u00e4ngufilmid &#8220;Ideaalmaastik&#8221;, &#8220;Arabella, merer\u00f6\u00f6vli t\u00fctar&#8221;, &#8220;Tants aurukatla \u00fcmber&#8221;, &#8220;Ameerika m\u00e4ed&#8221;, &#8220;Georg&#8221; ja &#8220;Vee peal&#8221;. Lisaks on ta teinud l\u00fchim\u00e4ngufilme ja dokumentaalfilme.<\/p>\n<p>Teda on tunntustatud Valget\u00e4he V klassi teenetem\u00e4rgi (2001), Eesti Kultuurkapitali audiovisuaalse kunsti sihtkapitali aastapreemia (2021), Pimedate \u00d6\u00f6de filmifestivali elut\u00f6\u00f6auhinna (2024) ja\u00a0Eesti Vabariigi kultuuri\u00a0elut\u00f6\u00f6preemiaga (2025).<\/p>\n","protected":false},"excerpt":{"rendered":"73-aastaselt suri filmilavastaja Peeter Simm, kelle k\u00e4e all on muu hulgas valminud filmid &#8220;Ideaalmaastik&#8221;, &#8220;Arabella, merer\u00f6\u00f6vli t\u00fctar&#8221; ja&hellip;\n","protected":false},"author":2,"featured_media":127323,"comment_status":"","ping_status":"","sticky":false,"template":"","format":"standard","meta":{"footnotes":"","_share_on_mastodon":"0"},"categories":[16],"tags":[37,33,35,173,34,36,140,2362],"class_list":["post-127322","post","type-post","status-publish","format-standard","has-post-thumbnail","category-meelelahutus","tag-ee","tag-eesti","tag-eesti-keel","tag-entertainment","tag-estonia","tag-estonian","tag-meelelahutus","tag-peeter-simm"],"share_on_mastodon":{"url":"https:\/\/pubeurope.com\/@ee\/116216381262995648","error":""},"_links":{"self":[{"href":"https:\/\/www.europesays.com\/ee\/wp-json\/wp\/v2\/posts\/127322","targetHints":{"allow":["GET"]}}],"collection":[{"href":"https:\/\/www.europesays.com\/ee\/wp-json\/wp\/v2\/posts"}],"about":[{"href":"https:\/\/www.europesays.com\/ee\/wp-json\/wp\/v2\/types\/post"}],"author":[{"embeddable":true,"href":"https:\/\/www.europesays.com\/ee\/wp-json\/wp\/v2\/users\/2"}],"replies":[{"embeddable":true,"href":"https:\/\/www.europesays.com\/ee\/wp-json\/wp\/v2\/comments?post=127322"}],"version-history":[{"count":0,"href":"https:\/\/www.europesays.com\/ee\/wp-json\/wp\/v2\/posts\/127322\/revisions"}],"wp:featuredmedia":[{"embeddable":true,"href":"https:\/\/www.europesays.com\/ee\/wp-json\/wp\/v2\/media\/127323"}],"wp:attachment":[{"href":"https:\/\/www.europesays.com\/ee\/wp-json\/wp\/v2\/media?parent=127322"}],"wp:term":[{"taxonomy":"category","embeddable":true,"href":"https:\/\/www.europesays.com\/ee\/wp-json\/wp\/v2\/categories?post=127322"},{"taxonomy":"post_tag","embeddable":true,"href":"https:\/\/www.europesays.com\/ee\/wp-json\/wp\/v2\/tags?post=127322"}],"curies":[{"name":"wp","href":"https:\/\/api.w.org\/{rel}","templated":true}]}}