{"id":127356,"date":"2026-03-12T13:50:09","date_gmt":"2026-03-12T13:50:09","guid":{"rendered":"https:\/\/www.europesays.com\/ee\/127356\/"},"modified":"2026-03-12T13:50:09","modified_gmt":"2026-03-12T13:50:09","slug":"lahkus-eesti-filmi-legend-peeter-simm","status":"publish","type":"post","link":"https:\/\/www.europesays.com\/ee\/127356\/","title":{"rendered":"Lahkus Eesti filmi legend Peeter Simm"},"content":{"rendered":"<p>Vaid kaks aastat hiljem valmis Simmi k\u00e4e all kultuslik \u201eArabella, merer\u00f6\u00f6vli t\u00fctar\u201c, mis p\u00f5hines Aino Perviku jutustusel. 1980ndatel ekraniseeris lavastaja veel kaks Mats Traadi romaani: \u201ePuud olid \u2026\u201c 1985. aastal ja kaheosalise telefilmina ilmunud \u201eTants aurukatla \u00fcmber\u201c 1987. aastal.<\/p>\n<p>1989. aastal linastunud \u201eInimene, keda polnud\u201c oli Simmi viiendaks lavastajat\u00f6\u00f6ks vaid 10 aasta jooksul. P\u00e4rast Eesti iseseisvumist j\u00e4id pausid tema filmide vahel oluliselt suuremaks: 1994. aastal esilinastus \u201eAmeerika m\u00e4ed\u201c, 2001. aastal \u201eHead k\u00e4ed\u201c, 2006. aastal \u201eK\u00f5rini!\u201c, 2007. aastal Georg Otsa elulugu \u201eGeorg\u201c ja 2012. aastal \u201e\u00dcksik saar\u201c.<\/p>\n<p>Simmi viimaseks t\u00e4ispikaks m\u00e4ngufilmiks j\u00e4i 2020. aastal ilmavalgust n\u00e4inud ja rohkelt kiita saanud \u201eVee peal\u201c, mis p\u00f5hines Olavi Ruitlase romaanil. Lisaks t\u00e4ispikkadele m\u00e4ngufilmidele valmis Simmi k\u00e4e all enam kui tosin dokumentaalfilmi ja mitu teatrilavastust. Ta \u00f5petas Balti Filmi-, Meedia-, Kunstide ja Kommunikatsiooni Instituudis filmire\u017eiid.<\/p>\n<p>Simm moodustas koos lavastaja Peeter Urbla ja operaator Arvo Ihoga kolmiku, kelle k\u00e4e all valmis 1977. aastal maailmakino suurkuju Andrei Tarkovski juhendamisel filmikassett \u201eKarikakram\u00e4ng\u201c. Simmist ja Urblast on parasjagu valmimas dokumentaalfilm.<\/p>\n<p>2025. aastal p\u00e4lvis Simm Eesti Vabariigi kultuuripreemia elut\u00f6\u00f6 eest, aasta varem Pimedate \u00d6\u00f6de Filmifestivali elut\u00f6\u00f6auhinna. Viimastel aastatel heitles Simm pahaloomulise kasvajaga.<\/p>\n<p>Kuidas see lugu Sind end tundma pani? Saada <\/p>\n","protected":false},"excerpt":{"rendered":"Vaid kaks aastat hiljem valmis Simmi k\u00e4e all kultuslik \u201eArabella, merer\u00f6\u00f6vli t\u00fctar\u201c, mis p\u00f5hines Aino Perviku jutustusel. 1980ndatel&hellip;\n","protected":false},"author":2,"featured_media":127357,"comment_status":"","ping_status":"","sticky":false,"template":"","format":"standard","meta":{"footnotes":"","_share_on_mastodon":"0"},"categories":[5],"tags":[26,27,37,33,35,34,36,31,32,21,28,29,19,2362,25,23,24,22,20,30],"class_list":["post-127356","post","type-post","status-publish","format-standard","has-post-thumbnail","category-uldised-uudised","tag-breaking-news","tag-breakingnews","tag-ee","tag-eesti","tag-eesti-keel","tag-estonia","tag-estonian","tag-featured-news","tag-featurednews","tag-headlines","tag-latest-news","tag-latestnews","tag-news","tag-peeter-simm","tag-populaarseimad-lood","tag-top-stories","tag-topstories","tag-uldised-uudised","tag-uudised","tag-viimased-uudised"],"share_on_mastodon":{"url":"https:\/\/pubeurope.com\/@ee\/116216530379216482","error":""},"_links":{"self":[{"href":"https:\/\/www.europesays.com\/ee\/wp-json\/wp\/v2\/posts\/127356","targetHints":{"allow":["GET"]}}],"collection":[{"href":"https:\/\/www.europesays.com\/ee\/wp-json\/wp\/v2\/posts"}],"about":[{"href":"https:\/\/www.europesays.com\/ee\/wp-json\/wp\/v2\/types\/post"}],"author":[{"embeddable":true,"href":"https:\/\/www.europesays.com\/ee\/wp-json\/wp\/v2\/users\/2"}],"replies":[{"embeddable":true,"href":"https:\/\/www.europesays.com\/ee\/wp-json\/wp\/v2\/comments?post=127356"}],"version-history":[{"count":0,"href":"https:\/\/www.europesays.com\/ee\/wp-json\/wp\/v2\/posts\/127356\/revisions"}],"wp:featuredmedia":[{"embeddable":true,"href":"https:\/\/www.europesays.com\/ee\/wp-json\/wp\/v2\/media\/127357"}],"wp:attachment":[{"href":"https:\/\/www.europesays.com\/ee\/wp-json\/wp\/v2\/media?parent=127356"}],"wp:term":[{"taxonomy":"category","embeddable":true,"href":"https:\/\/www.europesays.com\/ee\/wp-json\/wp\/v2\/categories?post=127356"},{"taxonomy":"post_tag","embeddable":true,"href":"https:\/\/www.europesays.com\/ee\/wp-json\/wp\/v2\/tags?post=127356"}],"curies":[{"name":"wp","href":"https:\/\/api.w.org\/{rel}","templated":true}]}}