{"id":127390,"date":"2026-03-12T14:32:17","date_gmt":"2026-03-12T14:32:17","guid":{"rendered":"https:\/\/www.europesays.com\/ee\/127390\/"},"modified":"2026-03-12T14:32:17","modified_gmt":"2026-03-12T14:32:17","slug":"rahatarkuse-jagamisest-investeerimissoovituseni-on-vaid-uks-samm","status":"publish","type":"post","link":"https:\/\/www.europesays.com\/ee\/127390\/","title":{"rendered":"Rahatarkuse jagamisest investeerimissoovituseni on vaid \u00fcks samm"},"content":{"rendered":"<p>\n                        Kui varem pidi investeerimisteemalist infot otsima peamiselt raamatutest, kursustelt v\u00f5i finantsportaalidest, siis n\u00fc\u00fcd j\u00f5uab see paljude inimesteni m\u00f5juisikute kaudu Instagramis, YouTube\u2019is, TikTokis v\u00f5i podcast\u2019ides. See on paljuski positiivne areng: investeerimisest r\u00e4\u00e4gitakse rohkem ning inimesed tunnevad oma rahaasjade vastu \u00fcha suuremat huvi. See haakub h\u00e4sti ka Euroopas peetavate aruteludega investeerimisvajaduse \u00fcle.<\/p>\n<p>                        <a class=\"modal\" rel=\"{handler: 'image'}\" href=\"https:\/\/www.europesays.com\/ee\/wp-content\/uploads\/2026\/03\/2228ca7d05603d647fb2ba211cc7640e_XL.jpg\" title=\"Pildi eelvaate n\u00e4gemiseks kliki\"><br \/>\n                            <img decoding=\"async\" src=\"https:\/\/www.europesays.com\/ee\/wp-content\/uploads\/2026\/03\/2228ca7d05603d647fb2ba211cc7640e_XL.jpg\" alt=\"Andre N\u00f5mm, Finantsinspektsiooni juhatuse liige \" style=\"height:auto;\"\/><br \/>\n                        <\/a><\/p>\n<p>\n                            Andre N\u00f5mm, Finantsinspektsiooni juhatuse liige <\/p>\n<p>                                Foto: RUP<\/p>\n<p>\n\t\t\t!\n\t\t<\/p>\n<p>\n\t\t\tViga audio faili laadimisel. Palun proovige hiljem uuesti.\n\t\t<\/p>\n<p>Samas on investeerimisinfo levik toonud kaasa ka uusi k\u00fcsimusi: kus l\u00f5peb isiklik arvamus ja algab investeerimissoovitus? Millal on tegemist rahatarkuse jagamisega ja millal v\u00f5ib tegevus langeda juba reguleeritud valdkonda?<\/p>\n<p>Just nende k\u00fcsimuste \u00fcle on Finantsinspektsioon viimase&#8230;<\/p>\n<p><br style=\"display: none;\"\/><\/p>\n<p>    Juurdep\u00e4\u00e4s k\u00e4esolevale materjalile on finants- ja \u00f5igusajakirja RUP tellijatel.<\/p>\n<p>      <a target=\"_blank\" class=\"closedcontent-caption__btn closedcontent-caption__btn--primary closedcontent-caption__btn--desktop\" href=\"#login-modal\" role=\"button\" data-toggle=\"sc-modal\">Logi sisse<\/a><\/p>\n<p>v\u00f5i<\/p>\n<p>      <a target=\"_blank\" class=\"closedcontent-caption__btn closedcontent-caption__btn--secondary\" href=\"https:\/\/www.rup.ee\/tellimine\/\" rel=\"nofollow noopener\">Vormista tellimus<\/a><\/p>\n","protected":false},"excerpt":{"rendered":"Kui varem pidi investeerimisteemalist infot otsima peamiselt raamatutest, kursustelt v\u00f5i finantsportaalidest, siis n\u00fc\u00fcd j\u00f5uab see paljude inimesteni m\u00f5juisikute&hellip;\n","protected":false},"author":2,"featured_media":127391,"comment_status":"","ping_status":"","sticky":false,"template":"","format":"standard","meta":{"footnotes":"","_share_on_mastodon":"0"},"categories":[14],"tags":[29420,131,130,37,33,35,34,36,3865,780,8351],"class_list":["post-127390","post","type-post","status-publish","format-standard","has-post-thumbnail","category-ari","tag-andre-nomm","tag-ari","tag-business","tag-ee","tag-eesti","tag-eesti-keel","tag-estonia","tag-estonian","tag-finantsinspektsioon","tag-investeerimine","tag-rahatarkus"],"share_on_mastodon":{"url":"https:\/\/pubeurope.com\/@ee\/116216695514074418","error":""},"_links":{"self":[{"href":"https:\/\/www.europesays.com\/ee\/wp-json\/wp\/v2\/posts\/127390","targetHints":{"allow":["GET"]}}],"collection":[{"href":"https:\/\/www.europesays.com\/ee\/wp-json\/wp\/v2\/posts"}],"about":[{"href":"https:\/\/www.europesays.com\/ee\/wp-json\/wp\/v2\/types\/post"}],"author":[{"embeddable":true,"href":"https:\/\/www.europesays.com\/ee\/wp-json\/wp\/v2\/users\/2"}],"replies":[{"embeddable":true,"href":"https:\/\/www.europesays.com\/ee\/wp-json\/wp\/v2\/comments?post=127390"}],"version-history":[{"count":0,"href":"https:\/\/www.europesays.com\/ee\/wp-json\/wp\/v2\/posts\/127390\/revisions"}],"wp:featuredmedia":[{"embeddable":true,"href":"https:\/\/www.europesays.com\/ee\/wp-json\/wp\/v2\/media\/127391"}],"wp:attachment":[{"href":"https:\/\/www.europesays.com\/ee\/wp-json\/wp\/v2\/media?parent=127390"}],"wp:term":[{"taxonomy":"category","embeddable":true,"href":"https:\/\/www.europesays.com\/ee\/wp-json\/wp\/v2\/categories?post=127390"},{"taxonomy":"post_tag","embeddable":true,"href":"https:\/\/www.europesays.com\/ee\/wp-json\/wp\/v2\/tags?post=127390"}],"curies":[{"name":"wp","href":"https:\/\/api.w.org\/{rel}","templated":true}]}}